{"id":34306,"date":"2011-03-30T17:55:46","date_gmt":"2011-03-30T21:55:46","guid":{"rendered":"http:\/\/www.redenoticia.com.br\/noticia\/?p=34306"},"modified":"2011-03-31T12:30:22","modified_gmt":"2011-03-31T16:30:22","slug":"meteorologia-%e2%80%93-previsao-do-tempo-para-esta-quinta-feira-3103","status":"publish","type":"post","link":"https:\/\/www.redenoticia.com.br\/noticia\/2011\/meteorologia-%e2%80%93-previsao-do-tempo-para-esta-quinta-feira-3103\/34306","title":{"rendered":"Meteorologia \u2013 previs\u00e3o do tempo para esta quinta-feira 31\/03"},"content":{"rendered":"<p><img loading=\"lazy\" decoding=\"async\" class=\"alignleft size-full wp-image-28410\" title=\"previsao do tempo temperatura\" src=\"https:\/\/www.redenoticia.com.br\/noticia\/imagens\/previsao-do-tempo-temperatura.jpg\" alt=\"\" width=\"300\" height=\"193\" srcset=\"https:\/\/www.redenoticia.com.br\/noticia\/imagens\/previsao-do-tempo-temperatura.jpg 300w, https:\/\/www.redenoticia.com.br\/noticia\/imagens\/previsao-do-tempo-temperatura-250x160.jpg 250w, https:\/\/www.redenoticia.com.br\/noticia\/imagens\/previsao-do-tempo-temperatura-150x96.jpg 150w\" sizes=\"auto, (max-width: 300px) 100vw, 300px\" \/>Previs\u00e3o do tempo\u00a0\u2013 a\u00a0<strong><em>meteorologia<\/em><\/strong> divulgou a\u00a0<strong><em>previs\u00e3o do tempo<\/em><\/strong> e\u00a0<strong><em>temperatura<\/em><\/strong> para esta quinta-feira (31\/03) e informa que o dia ser\u00e1 nublado com per\u00edodos de chuva entre o sul de SP, leste do PR e nordeste e SC. No leste de SC o dia ficar\u00e1 encoberto com chuva isolada. Segundo a previs\u00e3o do tempo o tempo estar\u00e1 inst\u00e1vel, com aberturas de sol e chuva a qualquer hora no sudeste do RS. Dados da previs\u00e3o do tempo indicam que o sol aparecer\u00e1 no interior da BA e sudoeste do RS. A previs\u00e3o do tempo destaca que nas demais \u00e1reas do pa\u00eds varia\u00e7\u00e3o de nuvens e pancadas de chuva, que poder\u00e3o ser localmente fortes. No leste e interior do Nordeste, no oeste do PR e norte de RR.<\/p>\n<p>Vale do Para\u00edba \u2013 previs\u00e3o do tempo na quinta-feira (31\/03), n\u00e3o haver\u00e1 mudan\u00e7as significativas na condi\u00e7\u00e3o de tempo. Haver\u00e1 muitas nuvens, r\u00e1pidas aberturas de sol e pancadas de chuva. Persiste a condi\u00e7\u00e3o de pancadas fortes de chuva. A temperatura estar\u00e1 est\u00e1vel.<\/p>\n<p>Regi\u00e3o Centro-Oeste \u2013 previs\u00e3o do tempo em\u00a031\/03\/2011:\u00a0No oeste de MS: sol entre poucas nuvens. No sul de MS: sol entre nuvens e possibilidade de pancadas de chuva. No centro-oeste de MT: muitas nuvens e pancadas de chuva. Nas demais \u00e1reas: sol entre nuvens e pancadas de chuva. Temperatura est\u00e1vel. Temperatura m\u00e1xima: 32 no norte de MS. Temperatura m\u00ednima: 18C no leste de GO.<\/p>\n<p>Regi\u00e3o Nordeste \u2013 previs\u00e3o do tempo em\u00a031\/03\/2011:\u00a0No MA, no PI, no oeste da BA e no Rec\u00f4ncavo Baiano: sol entre nuvens e pancadas de chuva. No interior da BA: sol e poucas nuvens. Nas demais \u00e1reas: nebulosidade vari\u00e1vel e possibilidade de pancadas de chuva. Temperatura est\u00e1vel. Temperatura m\u00e1xima: 34C no PI. Temperatura m\u00ednima: 18C no oeste da BA.<\/p>\n<p>Regi\u00e3o Norte \u2013 previs\u00e3o do tempo em\u00a031\/03\/2011:\u00a0No norte de RR e norte do AP: sol entre nebulosidade vari\u00e1vel e possibilidade de pancadas de chuva isolada. No sudeste do PA e no TO: sol entre nebulosidade vari\u00e1vel e pancada de chuva. Nas demais \u00e1reas da Regi\u00e3o: nublado com fortes pancadas de chuva. Temperatura est\u00e1vel. Temperatura m\u00e1xima: 34C no nordeste de RR. Temperatura m\u00ednima: 22C sudoeste do PA e nordeste de RO.<\/p>\n<p>Regi\u00e3o Sudeste \u2013 previs\u00e3o do tempo em\u00a031\/03\/2011:\u00a0No sul de SP: muitas nuvens e chuva. Nas demais \u00e1reas da Regi\u00e3o: sol entre nuvens e pancadas de chuva. Temperaturas est\u00e1veis. Temperatura m\u00e1xima: 32C no norte do ES. Temperatura m\u00ednima: 17C no sul de SP.<\/p>\n<p>Regi\u00e3o Sul \u2013 previs\u00e3o do tempo em\u00a031\/03\/2011:\u00a0No sudeste do RS: tempo inst\u00e1vel com nebulosidade vari\u00e1vel e chuva a qualquer hora. No sudoeste do RS: predom\u00ednio de sol. No centro-oeste do PR: nebulosidade vari\u00e1vel e possibilidade de pancadas de chuva. No leste de SC: c\u00e9u encoberto com chuvas isoladas. Nas demais \u00e1reas: sol entre nuvens e pancadas de chuva. Temperaturas amenas. Temperatura m\u00e1xima: 30C no noroeste do PR. Temperatura m\u00ednima: 12C nas \u00e1reas de serra.<\/p>\n<p>Previs\u00e3o do tempo e temperatura CPTEC<\/p>\n<p>&nbsp;<\/p>\n","protected":false},"excerpt":{"rendered":"<p>Previs\u00e3o do tempo\u00a0\u2013 a\u00a0meteorologia divulgou a\u00a0previs\u00e3o do tempo e\u00a0temperatura para esta quinta-feira (31\/03) e informa que o dia ser\u00e1 nublado com per\u00edodos de chuva entre o sul de SP, leste do PR e nordeste e SC. No leste de SC o dia ficar\u00e1 encoberto com chuva isolada. Segundo a previs\u00e3o do tempo o tempo estar\u00e1 [&hellip;]<\/p>\n","protected":false},"author":3,"featured_media":28410,"comment_status":"open","ping_status":"open","sticky":false,"template":"","format":"standard","meta":{"_genesis_hide_title":false,"_genesis_hide_breadcrumbs":false,"_genesis_hide_singular_image":false,"_genesis_hide_footer_widgets":false,"_genesis_custom_body_class":"","_genesis_custom_post_class":"","_genesis_layout":"","_jetpack_memberships_contains_paid_content":false,"footnotes":""},"categories":[22],"tags":[],"class_list":{"0":"post-34306","1":"post","2":"type-post","3":"status-publish","4":"format-standard","5":"has-post-thumbnail","7":"category-brasil","8":"entry","9":"gs-1","10":"gs-odd","11":"gs-even","12":"gs-featured-content-entry"},"jetpack_featured_media_url":"https:\/\/www.redenoticia.com.br\/noticia\/imagens\/previsao-do-tempo-temperatura.jpg","jetpack_sharing_enabled":true,"jetpack_likes_enabled":true,"_links":{"self":[{"href":"https:\/\/www.redenoticia.com.br\/noticia\/wp-json\/wp\/v2\/posts\/34306","targetHints":{"allow":["GET"]}}],"collection":[{"href":"https:\/\/www.redenoticia.com.br\/noticia\/wp-json\/wp\/v2\/posts"}],"about":[{"href":"https:\/\/www.redenoticia.com.br\/noticia\/wp-json\/wp\/v2\/types\/post"}],"author":[{"embeddable":true,"href":"https:\/\/www.redenoticia.com.br\/noticia\/wp-json\/wp\/v2\/users\/3"}],"replies":[{"embeddable":true,"href":"https:\/\/www.redenoticia.com.br\/noticia\/wp-json\/wp\/v2\/comments?post=34306"}],"version-history":[{"count":0,"href":"https:\/\/www.redenoticia.com.br\/noticia\/wp-json\/wp\/v2\/posts\/34306\/revisions"}],"wp:featuredmedia":[{"embeddable":true,"href":"https:\/\/www.redenoticia.com.br\/noticia\/wp-json\/wp\/v2\/media\/28410"}],"wp:attachment":[{"href":"https:\/\/www.redenoticia.com.br\/noticia\/wp-json\/wp\/v2\/media?parent=34306"}],"wp:term":[{"taxonomy":"category","embeddable":true,"href":"https:\/\/www.redenoticia.com.br\/noticia\/wp-json\/wp\/v2\/categories?post=34306"},{"taxonomy":"post_tag","embeddable":true,"href":"https:\/\/www.redenoticia.com.br\/noticia\/wp-json\/wp\/v2\/tags?post=34306"}],"curies":[{"name":"wp","href":"https:\/\/api.w.org\/{rel}","templated":true}]}}