{"id":3430,"date":"2009-06-22T10:49:13","date_gmt":"2009-06-22T14:49:13","guid":{"rendered":"http:\/\/www.redenoticia.com.br\/noticia\/?p=3430"},"modified":"2009-06-22T10:49:13","modified_gmt":"2009-06-22T14:49:13","slug":"inscricao-para-premio-microsoft-educadores-vai-ate-julho","status":"publish","type":"post","link":"https:\/\/www.redenoticia.com.br\/noticia\/2009\/inscricao-para-premio-microsoft-educadores-vai-ate-julho\/3430","title":{"rendered":"Inscri\u00e7\u00e3o para pr\u00eamio Microsoft Educadores vai at\u00e9 julho"},"content":{"rendered":"<p>Empresa espera receber mais de 700 projetos que utilizam a tecnologia para aprimorar o processo de ensino-aprendizagem nas escolas brasileiras<\/p>\n<p>O per\u00edodo de inscri\u00e7\u00f5es para a quarta edi\u00e7\u00e3o do Pr\u00eamio Microsoft Educadores Inovadores est\u00e1 se aproximando do fim: o prazo final para envio dos projetos \u00e9 o dia 10 de julho (exceto para a categoria Educador Inovador &#8211; Escola T\u00e9cnica, que ter\u00e3o prazo at\u00e9 3 de julho). A expectativa \u00e9 de que o n\u00famero chegue a 700 projetos inscritos nessas \u00faltimas semanas, quando costuma aumentar fortemente o n\u00famero de submiss\u00f5es. Os vencedores da etapa de \u00e2mbito nacional do pr\u00eamio ser\u00e3o conhecidos no dia 25 de agosto, em S\u00e3o Paulo.<\/p>\n<p>O pr\u00eamio foi criado tendo como objetivo dar reconhecimento e destaque aos projetos educacionais que melhor utilizam a tecnologia para aperfei\u00e7oar o processo de ensino-aprendizagem no Pa\u00eds.<\/p>\n<p>O concurso, que \u00e9 parte das iniciativas de cidadania corporativa da empresa no Pa\u00eds, \u00e9 aberto a todos os educadores da rede p\u00fablica de ensino (Secretarias Municipais ou Estaduais de Ensino, incluindo os N\u00facleos de Tecnologia Educacional &#8211; NTEs ou NRTEs, escolas p\u00fablicas municipais ou estaduais), ONGs e Funda\u00e7\u00f5es. A principal novidade da edi\u00e7\u00e3o deste ano \u00e9 que, pela primeira vez, haver\u00e1 uma categoria especial para educadores de TI das escolas t\u00e9cnicas, denominada Educador Inovador &#8211; Escola T\u00e9cnica.<\/p>\n<p>Para participar do pr\u00eamio, os educadores precisam preencher o memorial descritivo que est\u00e1 no site do pr\u00eamio al\u00e9m de documentar o conte\u00fado did\u00e1tico apresentado nas aulas com textos, apresenta\u00e7\u00f5es e imagens. O educador precisa comprovar que a tecnologia foi utilizada de forma inovadora dentro da sala de aula e que teve efeitos positivos para os alunos. Al\u00e9m disso, o projeto precisa estar sendo adotado por per\u00edodo m\u00ednimo de tr\u00eas meses. Uma banca formada por renomados educadores do pa\u00eds vai avaliar cada um dos inscritos e selecionar 15 finalistas. N\u00e3o h\u00e1 nenhum custo para participa\u00e7\u00e3o.<\/p>\n<p>Os projetos vencedores seguir\u00e3o para etapas posteriores, disputando com projetos latino-americanos e, depois, de todo o mundo.<\/p>\n<p>Anote na Agenda<\/p>\n<p>Inscri\u00e7\u00f5es para o Pr\u00eamio Microsoft Educadores Inovadores &#8211; GRATUITAS<\/p>\n<p>a) Categorias: Inova\u00e7\u00e3o em Comunidade, Inova\u00e7\u00e3o em Colabora\u00e7\u00e3o e Inova\u00e7\u00e3o em Conte\u00fado<br \/>\nQuem pode participar? Educadores da rede p\u00fablica de ensino (Secretarias Municipais ou Estaduais de Ensino, incluindo os N\u00facleos de Tecnologia Educacional &#8211; NTEs ou NRTEs, escolas p\u00fablicas municipais ou estaduais), ONGs e Funda\u00e7\u00f5es<br \/>\nPer\u00edodo: at\u00e9 10 de julho de 2009<br \/>\nInscri\u00e7\u00f5es: pelo site: <a href=\"http:\/\/www.educadoresinovadores.com.br\">http:\/\/www.educadoresinovadores.com.br<\/a><\/p>\n<p>b) Categoria Educador Inovador &#8211; Escolas T\u00e9cnicas<br \/>\nQuem pode participar? Educadores de TI das escolas t\u00e9cnicas<br \/>\nPer\u00edodo: at\u00e9 3 de julho de 2009<br \/>\nInscri\u00e7\u00f5es: pelo site: http:\/\/www.educadoresinovadores.com.br.<\/p>\n<p>Sobre a Microsoft Brasil<\/p>\n<p>Fundada em 1989, a Microsoft Brasil gera localmente oportunidades diretas na \u00e1rea de tecnologia para mais de 18 mil empresas e 495 mil profissionais. Nos \u00faltimos seis anos, a empresa investiu mais de R$ 100 milh\u00f5es em projetos sociais, levando tecnologia a escolas, universidades, ONGs e comunidades carentes. \u00c9 uma das 107 subsidi\u00e1rias da Microsoft Corporation, fundada em 1975, empresa l\u00edder mundial no fornecimento de software, servi\u00e7os e solu\u00e7\u00f5es em tecnologia da informa\u00e7\u00e3o. Com um modelo baseado em inova\u00e7\u00e3o, a Microsoft investe no desenvolvimento e integra\u00e7\u00e3o de tecnologias que capacitam pessoas e empresas a atingirem seu potencial pleno.<\/p>\n<p>Saiba mais no: http:\/\/www.microsoft.com\/latam\/presspass\/brasil\/default.mspx.<\/p>\n<p>Microsoft: seu potencial, nossa inspira\u00e7\u00e3o.<\/p>\n","protected":false},"excerpt":{"rendered":"<p>Empresa espera receber mais de 700 projetos que utilizam a tecnologia para aprimorar o processo de ensino-aprendizagem nas escolas brasileiras O per\u00edodo de inscri\u00e7\u00f5es para a quarta edi\u00e7\u00e3o do Pr\u00eamio Microsoft Educadores Inovadores est\u00e1 se aproximando do fim: o prazo final para envio dos projetos \u00e9 o dia 10 de julho (exceto para a categoria [&hellip;]<\/p>\n","protected":false},"author":3,"featured_media":0,"comment_status":"open","ping_status":"open","sticky":false,"template":"","format":"standard","meta":{"_genesis_hide_title":false,"_genesis_hide_breadcrumbs":false,"_genesis_hide_singular_image":false,"_genesis_hide_footer_widgets":false,"_genesis_custom_body_class":"","_genesis_custom_post_class":"","_genesis_layout":"","_jetpack_memberships_contains_paid_content":false,"footnotes":""},"categories":[22],"tags":[],"class_list":{"0":"post-3430","1":"post","2":"type-post","3":"status-publish","4":"format-standard","6":"category-brasil","7":"entry","8":"gs-1","9":"gs-odd","10":"gs-even","11":"gs-featured-content-entry"},"jetpack_featured_media_url":"","jetpack_sharing_enabled":true,"jetpack_likes_enabled":true,"_links":{"self":[{"href":"https:\/\/www.redenoticia.com.br\/noticia\/wp-json\/wp\/v2\/posts\/3430","targetHints":{"allow":["GET"]}}],"collection":[{"href":"https:\/\/www.redenoticia.com.br\/noticia\/wp-json\/wp\/v2\/posts"}],"about":[{"href":"https:\/\/www.redenoticia.com.br\/noticia\/wp-json\/wp\/v2\/types\/post"}],"author":[{"embeddable":true,"href":"https:\/\/www.redenoticia.com.br\/noticia\/wp-json\/wp\/v2\/users\/3"}],"replies":[{"embeddable":true,"href":"https:\/\/www.redenoticia.com.br\/noticia\/wp-json\/wp\/v2\/comments?post=3430"}],"version-history":[{"count":0,"href":"https:\/\/www.redenoticia.com.br\/noticia\/wp-json\/wp\/v2\/posts\/3430\/revisions"}],"wp:attachment":[{"href":"https:\/\/www.redenoticia.com.br\/noticia\/wp-json\/wp\/v2\/media?parent=3430"}],"wp:term":[{"taxonomy":"category","embeddable":true,"href":"https:\/\/www.redenoticia.com.br\/noticia\/wp-json\/wp\/v2\/categories?post=3430"},{"taxonomy":"post_tag","embeddable":true,"href":"https:\/\/www.redenoticia.com.br\/noticia\/wp-json\/wp\/v2\/tags?post=3430"}],"curies":[{"name":"wp","href":"https:\/\/api.w.org\/{rel}","templated":true}]}}