{"id":34268,"date":"2011-03-29T16:37:30","date_gmt":"2011-03-29T20:37:30","guid":{"rendered":"http:\/\/www.redenoticia.com.br\/noticia\/?p=34268"},"modified":"2011-03-30T12:27:16","modified_gmt":"2011-03-30T16:27:16","slug":"meteorologia-%e2%80%93-previsao-do-tempo-para-esta-quarta-feira-3003","status":"publish","type":"post","link":"https:\/\/www.redenoticia.com.br\/noticia\/2011\/meteorologia-%e2%80%93-previsao-do-tempo-para-esta-quarta-feira-3003\/34268","title":{"rendered":"Meteorologia \u2013 previs\u00e3o do tempo para esta quarta-feira 30\/03"},"content":{"rendered":"<p><img loading=\"lazy\" decoding=\"async\" class=\"alignleft size-full wp-image-28410\" title=\"previsao do tempo temperatura\" src=\"https:\/\/www.redenoticia.com.br\/noticia\/imagens\/previsao-do-tempo-temperatura.jpg\" alt=\"\" width=\"300\" height=\"193\" srcset=\"https:\/\/www.redenoticia.com.br\/noticia\/imagens\/previsao-do-tempo-temperatura.jpg 300w, https:\/\/www.redenoticia.com.br\/noticia\/imagens\/previsao-do-tempo-temperatura-250x160.jpg 250w, https:\/\/www.redenoticia.com.br\/noticia\/imagens\/previsao-do-tempo-temperatura-150x96.jpg 150w\" sizes=\"auto, (max-width: 300px) 100vw, 300px\" \/>Previs\u00e3o do tempo\u00a0\u2013 a\u00a0<strong><em>meteorologia<\/em><\/strong> divulgou a <strong><em>previs\u00e3o do tempo<\/em><\/strong> e\u00a0<strong><em>temperatura<\/em><\/strong> para na quarta-feira (30\/03) e informa que a umidade que vem do mar deixar\u00e1 o dia com chuva entre o leste de SC at\u00e9 o sul de SP, inclusive poder\u00e1 chover forte em algumas localidades. Na faixa litor\u00e2nea de SC e do PR poder\u00e1 haver ventos fortes. Segundo a previs\u00e3o do tempo j\u00e1 no nordeste do RS e sudeste de SC o tempo ficar\u00e1 encoberto com chuva isolada. No sul do RS o dia ser\u00e1 nublado. Dados da previs\u00e3o do tempo indicam que entre o centro-norte de MG, no interior da BA, no norte do AP, noroeste do PA e nordeste de RR haver\u00e1 varia\u00e7\u00e3o de nebulosidade e pequena chance de pancadas de chuva. A previs\u00e3o do tempo destaca que no nordeste de MG, no ES e na faixa leste do Nordeste o sol aparecer\u00e1 entre poucas nuvens. Nas demais \u00e1reas do Brasil o dia ser\u00e1 de muitas nuvens e pancadas de chuva localmente forte. A temperatura estar\u00e1 amena no leste da Regi\u00e3o Sul.<\/p>\n<p>Vale do Para\u00edba \u2013 previs\u00e3o do tempo na quarta-feira (30\/03), o dia ser\u00e1 nublado com chuvas em forma de pancadas ao longo do dia. Ainda haver\u00e1 risco de chuva forte em grande parte da regi\u00e3o. Seguem as chances para acumulados de chuva significativos. A temperatura m\u00e1xima seguir\u00e1 em decl\u00ednio.<\/p>\n<p>Regi\u00e3o Centro-Oeste \u2013 previs\u00e3o do tempo em\u00a030\/03\/2011:\u00a0No leste de GO: sol entre nebulosidade vari\u00e1vel e forte pancada de chuva a partir da tarde. No oeste de GO, no norte e leste de MS e em MT: nublado com fortes pancadas de chuva. Nas demais \u00e1reas da Regi\u00e3o: sol entre nebulosidade vari\u00e1vel e pancada de chuva isolada. Temperatura est\u00e1vel. Temperatura m\u00e1xima: 32 no norte de MS. Temperatura m\u00ednima: 18C no leste de GO.<\/p>\n<p>Regi\u00e3o Nordeste \u2013 previs\u00e3o do tempo em\u00a030\/03\/2011:\u00a0Na faixa leste da BA, em SE, AL e no centro-leste de PE: sol entre nebulosidade vari\u00e1vel. Na faixa central da BA e de PE e no centro-leste da PB: sol entre poucas nuvens e com possibilidade de pancadas de chuva. No extremo norte do CE e do PI e na maior parte do MA: nublado com fortes pancadas de chuva. Nas demais \u00e1reas da Regi\u00e3o e no leste do MA: sol entre nebulosidade vari\u00e1vel e pancada de chuva. Temperatura est\u00e1vel. Temperatura m\u00e1xima: 34C no PI. Temperatura m\u00ednima: 18C no oeste da BA.<\/p>\n<p>Regi\u00e3o Norte \u2013 previs\u00e3o do tempo em\u00a030\/03\/2011:\u00a0No leste de RR: sol entre nebulosidade vari\u00e1vel e possibilidade de pancadas de chuva isolada. No nordeste de RR: sol entre nebulosidade vari\u00e1vel. Nas demais \u00e1reas da Regi\u00e3o: nublado com fortes pancadas de chuva. Temperatura est\u00e1vel. Temperatura m\u00e1xima: 34C no nordeste de RR. Temperatura m\u00ednima: 22C sudoeste do PA e nordeste de RO.<\/p>\n<p>Regi\u00e3o Sudeste \u2013 previs\u00e3o do tempo em\u00a030\/03\/2011:\u00a0No sul e leste de SP: muitas nuvens e chuva a qualquer momento em alguns pontos poder\u00e3o chover forte. Vento forte no extremo sul de SP. No sul de MG, na faixa centro-sul do RJ e nas demais \u00e1reas de SP: nublado com fortes pancadas de chuva. No nordeste de MG e no ES: sol e poucas nuvens. No norte de MG: sol entre poucas nuvens e com possibilidade de pancadas de chuva. Nas demais \u00e1reas da Regi\u00e3o: sol entre nebulosidade vari\u00e1vel e pancada de chuva principalmente a partir da tarde. Temperaturas est\u00e1veis. Temperatura m\u00e1xima: 32C no norte do ES. Temperatura m\u00ednima: 17C no sul de SP.<\/p>\n<p>Regi\u00e3o Sul \u2013 previs\u00e3o do tempo em\u00a030\/03\/2011:\u00a0No sudoeste do RS: sol e poucas nuvens. No nordeste do RS e no sudeste de SC: encoberto com chuva isolada. Na faixa centro-leste de SC e do PR: nublado com chuva a qualquer momento. Na faixa central do RS: nublado com chuva isolada. No oeste do PR: sol entre nebulosidade vari\u00e1vel e com pancadas de chuva a qualquer momento. No norte do RS e nas demais \u00e1reas de SC e do PR: nublado com fortes pancadas de chuva. Nas demais \u00e1reas do RS: dia nublado. Ventos fortes na faixa litor\u00e2nea entre o nordeste de SC e o PR. Temperatura amena no leste da regi\u00e3o. Temperatura m\u00e1xima: 30C no noroeste do PR. Temperatura m\u00ednima: 12C nas \u00e1reas de serra.<\/p>\n<p>Previs\u00e3o do tempo e temperatura CPTEC<\/p>\n<p>&nbsp;<\/p>\n","protected":false},"excerpt":{"rendered":"<p>Previs\u00e3o do tempo\u00a0\u2013 a\u00a0meteorologia divulgou a previs\u00e3o do tempo e\u00a0temperatura para na quarta-feira (30\/03) e informa que a umidade que vem do mar deixar\u00e1 o dia com chuva entre o leste de SC at\u00e9 o sul de SP, inclusive poder\u00e1 chover forte em algumas localidades. Na faixa litor\u00e2nea de SC e do PR poder\u00e1 haver [&hellip;]<\/p>\n","protected":false},"author":3,"featured_media":28410,"comment_status":"open","ping_status":"open","sticky":false,"template":"","format":"standard","meta":{"_genesis_hide_title":false,"_genesis_hide_breadcrumbs":false,"_genesis_hide_singular_image":false,"_genesis_hide_footer_widgets":false,"_genesis_custom_body_class":"","_genesis_custom_post_class":"","_genesis_layout":"","_jetpack_memberships_contains_paid_content":false,"footnotes":""},"categories":[22],"tags":[],"class_list":{"0":"post-34268","1":"post","2":"type-post","3":"status-publish","4":"format-standard","5":"has-post-thumbnail","7":"category-brasil","8":"entry","9":"gs-1","10":"gs-odd","11":"gs-even","12":"gs-featured-content-entry"},"jetpack_featured_media_url":"https:\/\/www.redenoticia.com.br\/noticia\/imagens\/previsao-do-tempo-temperatura.jpg","jetpack_sharing_enabled":true,"jetpack_likes_enabled":true,"_links":{"self":[{"href":"https:\/\/www.redenoticia.com.br\/noticia\/wp-json\/wp\/v2\/posts\/34268","targetHints":{"allow":["GET"]}}],"collection":[{"href":"https:\/\/www.redenoticia.com.br\/noticia\/wp-json\/wp\/v2\/posts"}],"about":[{"href":"https:\/\/www.redenoticia.com.br\/noticia\/wp-json\/wp\/v2\/types\/post"}],"author":[{"embeddable":true,"href":"https:\/\/www.redenoticia.com.br\/noticia\/wp-json\/wp\/v2\/users\/3"}],"replies":[{"embeddable":true,"href":"https:\/\/www.redenoticia.com.br\/noticia\/wp-json\/wp\/v2\/comments?post=34268"}],"version-history":[{"count":0,"href":"https:\/\/www.redenoticia.com.br\/noticia\/wp-json\/wp\/v2\/posts\/34268\/revisions"}],"wp:featuredmedia":[{"embeddable":true,"href":"https:\/\/www.redenoticia.com.br\/noticia\/wp-json\/wp\/v2\/media\/28410"}],"wp:attachment":[{"href":"https:\/\/www.redenoticia.com.br\/noticia\/wp-json\/wp\/v2\/media?parent=34268"}],"wp:term":[{"taxonomy":"category","embeddable":true,"href":"https:\/\/www.redenoticia.com.br\/noticia\/wp-json\/wp\/v2\/categories?post=34268"},{"taxonomy":"post_tag","embeddable":true,"href":"https:\/\/www.redenoticia.com.br\/noticia\/wp-json\/wp\/v2\/tags?post=34268"}],"curies":[{"name":"wp","href":"https:\/\/api.w.org\/{rel}","templated":true}]}}