{"id":3423,"date":"2009-06-22T10:21:01","date_gmt":"2009-06-22T14:21:01","guid":{"rendered":"http:\/\/www.redenoticia.com.br\/noticia\/?p=3423"},"modified":"2009-06-22T20:48:04","modified_gmt":"2009-06-23T00:48:04","slug":"solucao-definitiva-para-a-rua-mato-grosso-em-ji-parana","status":"publish","type":"post","link":"https:\/\/www.redenoticia.com.br\/noticia\/2009\/solucao-definitiva-para-a-rua-mato-grosso-em-ji-parana\/3423","title":{"rendered":"Solu\u00e7\u00e3o definitiva para a rua Mato Grosso em Ji-Paran\u00e1"},"content":{"rendered":"<figure id=\"attachment_3425\" aria-describedby=\"caption-attachment-3425\" style=\"width: 150px\" class=\"wp-caption alignleft\"><a href=\"https:\/\/www.redenoticia.com.br\/noticia\/imagens\/\/RuaMatoGrosso.jpg\"><a href=\"https:\/\/www.redenoticia.com.br\/noticia\/imagens\/\/matogrosso.jpg\"><img loading=\"lazy\" decoding=\"async\" class=\"alignleft size-full wp-image-3502\" title=\"matogrosso\" src=\"https:\/\/www.redenoticia.com.br\/noticia\/imagens\/\/matogrosso.jpg\" alt=\"matogrosso\" width=\"150\" height=\"113\" \/><\/a><\/a><figcaption id=\"caption-attachment-3425\" class=\"wp-caption-text\">Secret\u00e1rio de Obras vistoria trabalhos na rua Mato Grosso<\/figcaption><\/figure>\n<p>A Secretaria Municipal de Obras e Servi\u00e7os P\u00fablicos (Semosp) est\u00e1 trabalhando no sentido de resolver definitivamente o problema da Rua Mato Grosso, no Primeiro Distrito de Ji-Paran\u00e1.<\/p>\n<p>\u201cAtualmente esta rua \u00e9 o nosso maior desafio no Primeiro Distrito\u201d, afirmou o secret\u00e1rio de obras, Assis Canuto. O secret\u00e1rio visita a obra diariamente, acompanhando a evolu\u00e7\u00e3o dos servi\u00e7os, e na \u00faltima semana esteve no local com o vice-prefeito, Jos\u00e9 Otonio. Canuto relatou ao vice-prefeito o que esta sendo realizado.<\/p>\n<p>A Semosp est\u00e1 preparando a base para receber o cal\u00e7amento. A informa\u00e7\u00e3o foi repassada diretamente por Canuto, acrescentando que \u201co terreno \u00e9 muito \u00famido e n\u00f3s estamos ampliando a drenagem para evitar a perda do servi\u00e7o\u201d. A Rua Mato Grosso j\u00e1 recebeu asfalto neste ponto e n\u00e3o resolveu. O cal\u00e7amento tamb\u00e9m n\u00e3o suportou a umidade. Assis Canuto afirmou que ser\u00e1 constru\u00eddo um colch\u00e3o de pedra e areia na parte mais cr\u00edtica. \u201cNa verdade estamos substituindo o material colocado por algo mais resistente, e no final faremos ainda a limpeza do canal\u201d, disse Canuto, que continuou: \u201ctudo para fazer diferente, um servi\u00e7o de qualidade e durabilidade\u201d.<\/p>\n<p>De acordo com os t\u00e9cnicos da Semosp at\u00e9 o final desta semana ser\u00e1 poss\u00edvel iniciar o cal\u00e7amento com pedras irregulares. As ruas Dom Bosco e Primeiro de Maio tamb\u00e9m sofrem reformas. Na Bom Bosco j\u00e1 foi conclu\u00eddo o servi\u00e7o de cal\u00e7amento. Na Rua Primeiro de Maio est\u00e1 sendo ampliado o sistema de drenagem com a substitui\u00e7\u00e3o de manilhas e coloca\u00e7\u00e3o em pontos que antes n\u00e3o existiam. Tamb\u00e9m na Primeiro de Maio, ser\u00e1 conclu\u00eddo o trecho de cal\u00e7amento que esta faltando. De acordo com Canuto, o servi\u00e7o na Rua Mato Grosso deve estar conclu\u00eddo na segunda quinzena de julho.<\/p>\n","protected":false},"excerpt":{"rendered":"<p>A Secretaria Municipal de Obras e Servi\u00e7os P\u00fablicos (Semosp) est\u00e1 trabalhando no sentido de resolver definitivamente o problema da Rua Mato Grosso, no Primeiro Distrito de Ji-Paran\u00e1. \u201cAtualmente esta rua \u00e9 o nosso maior desafio no Primeiro Distrito\u201d, afirmou o secret\u00e1rio de obras, Assis Canuto. O secret\u00e1rio visita a obra diariamente, acompanhando a evolu\u00e7\u00e3o dos [&hellip;]<\/p>\n","protected":false},"author":2,"featured_media":0,"comment_status":"open","ping_status":"open","sticky":false,"template":"","format":"standard","meta":{"_genesis_hide_title":false,"_genesis_hide_breadcrumbs":false,"_genesis_hide_singular_image":false,"_genesis_hide_footer_widgets":false,"_genesis_custom_body_class":"","_genesis_custom_post_class":"","_genesis_layout":"","_jetpack_memberships_contains_paid_content":false,"footnotes":""},"categories":[22],"tags":[],"class_list":{"0":"post-3423","1":"post","2":"type-post","3":"status-publish","4":"format-standard","6":"category-brasil","7":"entry","8":"gs-1","9":"gs-odd","10":"gs-even","11":"gs-featured-content-entry"},"jetpack_featured_media_url":"","jetpack_sharing_enabled":true,"jetpack_likes_enabled":true,"_links":{"self":[{"href":"https:\/\/www.redenoticia.com.br\/noticia\/wp-json\/wp\/v2\/posts\/3423","targetHints":{"allow":["GET"]}}],"collection":[{"href":"https:\/\/www.redenoticia.com.br\/noticia\/wp-json\/wp\/v2\/posts"}],"about":[{"href":"https:\/\/www.redenoticia.com.br\/noticia\/wp-json\/wp\/v2\/types\/post"}],"author":[{"embeddable":true,"href":"https:\/\/www.redenoticia.com.br\/noticia\/wp-json\/wp\/v2\/users\/2"}],"replies":[{"embeddable":true,"href":"https:\/\/www.redenoticia.com.br\/noticia\/wp-json\/wp\/v2\/comments?post=3423"}],"version-history":[{"count":0,"href":"https:\/\/www.redenoticia.com.br\/noticia\/wp-json\/wp\/v2\/posts\/3423\/revisions"}],"wp:attachment":[{"href":"https:\/\/www.redenoticia.com.br\/noticia\/wp-json\/wp\/v2\/media?parent=3423"}],"wp:term":[{"taxonomy":"category","embeddable":true,"href":"https:\/\/www.redenoticia.com.br\/noticia\/wp-json\/wp\/v2\/categories?post=3423"},{"taxonomy":"post_tag","embeddable":true,"href":"https:\/\/www.redenoticia.com.br\/noticia\/wp-json\/wp\/v2\/tags?post=3423"}],"curies":[{"name":"wp","href":"https:\/\/api.w.org\/{rel}","templated":true}]}}