{"id":34208,"date":"2011-03-24T13:17:05","date_gmt":"2011-03-24T17:17:05","guid":{"rendered":"http:\/\/www.redenoticia.com.br\/noticia\/?p=34208"},"modified":"2011-03-24T13:17:05","modified_gmt":"2011-03-24T17:17:05","slug":"conferencia-regional-sobre-mudancas-globais","status":"publish","type":"post","link":"https:\/\/www.redenoticia.com.br\/noticia\/2011\/conferencia-regional-sobre-mudancas-globais\/34208","title":{"rendered":"Confer\u00eancia Regional Sobre Mudan\u00e7as Globais"},"content":{"rendered":"<p>Ag\u00eancia FAPESP \u2013 Para contribuir com o aprimoramento do Plano Brasileiro de <em><strong>Mudan\u00e7as Clim\u00e1ticas<\/strong><\/em>, o Instituto de Estudos Avan\u00e7ados (IEA) da Universidade de S\u00e3o Paulo, em parceria com o Painel Brasileiro de Mudan\u00e7as Clim\u00e1ticas, a Rede Clima, o Instituto Nacional de Ci\u00eancia e Tecnologia em Mudan\u00e7as Clim\u00e1ticas e a Academia Brasileira de Ci\u00eancias realizar\u00e3o, de 4 a 7 de abril, a 4\u00aa Confer\u00eancia Regional Sobre Mudan\u00e7as Globais.<\/p>\n<p>O tema desta edi\u00e7\u00e3o \u00e9 \u201cO Plano Brasileiro para um Futuro Sustent\u00e1vel\u201d e tem como objetivo principal a reuni\u00e3o de diversos atores envolvidos na quest\u00e3o \u2013 academia, setor privado e sociedade civil \u2013, na busca de solu\u00e7\u00f5es cient\u00edficas, tecnol\u00f3gicas, economicamente sustent\u00e1veis e socialmente vi\u00e1veis para esse grande desafio.<\/p>\n<p>A confer\u00eancia abordar\u00e1 os t\u00f3picos \u201cNegocia\u00e7\u00f5es internacionais\u201d, \u201cCen\u00e1rios clim\u00e1ticos\u201d, \u201cConserva\u00e7\u00e3o da biodiversidade\u201d, \u201cAgricultura e seguran\u00e7a alimentar\u201d, \u201cEnergias renov\u00e1veis e n\u00e3o renov\u00e1veis\u201d, \u201cSeguran\u00e7a h\u00eddrica\u201d, \u201cVulnerabilidade das \u00e1reas costeiras\u201d e \u201cVulnerabilidade das \u00e1reas urbanas\u201d, avaliando o impacto dos avan\u00e7os e descobertas cient\u00edficas em cada um deles.<\/p>\n<p>Entre os palestrantes confirmados est\u00e3o Guy Pierre Brasseur, do Centro Nacional para Pesquisa Atmosf\u00e9rica (NCAR), nos Estados Unidos, Carlos Alfredo Joly, coordenador do programa BIOTA-FAPESP, e Ignacy Sachs, do IEA.<\/p>\n<p>A confer\u00eancia ser\u00e1 realizada das 9h \u00e0s 18h30, no Memorial da Am\u00e9rica Latina, localizado na Av. Auro Soares de Moura Andrade, 664, na Barra Funda, em S\u00e3o Paulo.<\/p>\n<p>Mais informa\u00e7\u00f5es: <a href=\"http:\/\/www.mudancasglobais.com.br\" target=\"_blank\">www.mudancasglobais.com.br <\/a><\/p>\n","protected":false},"excerpt":{"rendered":"<p>Ag\u00eancia FAPESP \u2013 Para contribuir com o aprimoramento do Plano Brasileiro de Mudan\u00e7as Clim\u00e1ticas, o Instituto de Estudos Avan\u00e7ados (IEA) da Universidade de S\u00e3o Paulo, em parceria com o Painel Brasileiro de Mudan\u00e7as Clim\u00e1ticas, a Rede Clima, o Instituto Nacional de Ci\u00eancia e Tecnologia em Mudan\u00e7as Clim\u00e1ticas e a Academia Brasileira de Ci\u00eancias realizar\u00e3o, de [&hellip;]<\/p>\n","protected":false},"author":3,"featured_media":0,"comment_status":"open","ping_status":"open","sticky":false,"template":"","format":"standard","meta":{"_genesis_hide_title":false,"_genesis_hide_breadcrumbs":false,"_genesis_hide_singular_image":false,"_genesis_hide_footer_widgets":false,"_genesis_custom_body_class":"","_genesis_custom_post_class":"","_genesis_layout":"","_jetpack_memberships_contains_paid_content":false,"footnotes":""},"categories":[22,351,370],"tags":[],"class_list":{"0":"post-34208","1":"post","2":"type-post","3":"status-publish","4":"format-standard","6":"category-brasil","7":"category-cursos","8":"category-inscricao","9":"entry","10":"gs-1","11":"gs-odd","12":"gs-even","13":"gs-featured-content-entry"},"jetpack_featured_media_url":"","jetpack_sharing_enabled":true,"jetpack_likes_enabled":true,"_links":{"self":[{"href":"https:\/\/www.redenoticia.com.br\/noticia\/wp-json\/wp\/v2\/posts\/34208","targetHints":{"allow":["GET"]}}],"collection":[{"href":"https:\/\/www.redenoticia.com.br\/noticia\/wp-json\/wp\/v2\/posts"}],"about":[{"href":"https:\/\/www.redenoticia.com.br\/noticia\/wp-json\/wp\/v2\/types\/post"}],"author":[{"embeddable":true,"href":"https:\/\/www.redenoticia.com.br\/noticia\/wp-json\/wp\/v2\/users\/3"}],"replies":[{"embeddable":true,"href":"https:\/\/www.redenoticia.com.br\/noticia\/wp-json\/wp\/v2\/comments?post=34208"}],"version-history":[{"count":0,"href":"https:\/\/www.redenoticia.com.br\/noticia\/wp-json\/wp\/v2\/posts\/34208\/revisions"}],"wp:attachment":[{"href":"https:\/\/www.redenoticia.com.br\/noticia\/wp-json\/wp\/v2\/media?parent=34208"}],"wp:term":[{"taxonomy":"category","embeddable":true,"href":"https:\/\/www.redenoticia.com.br\/noticia\/wp-json\/wp\/v2\/categories?post=34208"},{"taxonomy":"post_tag","embeddable":true,"href":"https:\/\/www.redenoticia.com.br\/noticia\/wp-json\/wp\/v2\/tags?post=34208"}],"curies":[{"name":"wp","href":"https:\/\/api.w.org\/{rel}","templated":true}]}}