{"id":34182,"date":"2011-03-23T13:43:54","date_gmt":"2011-03-23T17:43:54","guid":{"rendered":"http:\/\/www.redenoticia.com.br\/noticia\/?p=34182"},"modified":"2011-03-23T13:43:54","modified_gmt":"2011-03-23T17:43:54","slug":"simposio-sul-americano-de-cancerologia-inovacoes-nos-tratamentos","status":"publish","type":"post","link":"https:\/\/www.redenoticia.com.br\/noticia\/2011\/simposio-sul-americano-de-cancerologia-inovacoes-nos-tratamentos\/34182","title":{"rendered":"Simp\u00f3sio Sul-Americano de Cancerologia: inova\u00e7\u00f5es nos tratamentos"},"content":{"rendered":"<p><em><strong>Simp\u00f3sio Sul-Americano de Cancerologia<\/strong><\/em> &#8211; entre os dias 5 e 7 de maio, especialistas de v\u00e1rios pa\u00edses da Am\u00e9rica do Sul debater\u00e3o as inova\u00e7\u00f5es da medicina para o tratamento do c\u00e2ncer durante o I Simp\u00f3sio Sul-Americano de Cancerologia, em Vit\u00f3ria. O evento \u00e9 direcionado aos profissionais de sa\u00fade de todas as \u00e1reas. Os palestrantes ir\u00e3o falar sobre a preven\u00e7\u00e3o do c\u00e2ncer, vacinas, cirurgia rob\u00f3tica em cancerologia, progressos na oncogen\u00e9tica, orienta\u00e7\u00f5es para pessoas que possuem casos da doen\u00e7a na fam\u00edlia, preserva\u00e7\u00e3o da fertilidade de pacientes em tratamento oncol\u00f3gico, novas drogas no tratamento do c\u00e2ncer e cirurgia pl\u00e1stica em oncologia.<\/p>\n<p>Os representantes das Sociedades de Cancerologia da Am\u00e9rica do Sul discutir\u00e3o ainda propostas para melhorar o diagn\u00f3stico precoce e o controle do c\u00e2ncer em seus pa\u00edses.<\/p>\n<p>O Simp\u00f3sio \u00e9 promovido pela Federa\u00e7\u00e3o das Sociedades de Cancerologia da Am\u00e9rica do Sul (FESCAS) e pela Sociedade Brasileira de Cancerologia (SBC). Entre os palestrantes, est\u00e3o o brasileiro Roberto Gomes, presidente da FESCAS, Marcelo Villalba, presidente da Sociedade Argentina de Cancerologia, Marisa Fazzino, presidente da Sociedade de Cancerologia do Uruguai, Mauricio Camus, presidente da Sociedade Chilena de Cancerologia, Carla Ismael, Presidente da Sociedade Franco-Brasileira de Oncologia, Roberto Porto Fonseca, presidente da Sociedade Brasileira de Oncologia, Enaldo Melo de Lima, presidente da Sociedade Brasileira de Oncologia Clinica e Jos\u00e9 Cl\u00e1udio Casali, pesquisador oncogeneticista.<\/p>\n<p>SERVI\u00c7O &#8211; I Simp\u00f3sio Sul-Americano de Cancerologia<\/p>\n<p>Data: 5 a 7 de maio<\/p>\n<p>Hor\u00e1rio: A partir das 8h.<\/p>\n<p>Local: Centro de Conven\u00e7\u00f5es de Vit\u00f3ria \u2013 Rua Constante Sodr\u00e9, 157, Santa L\u00facia, Vit\u00f3ria.<\/p>\n<p>Informa\u00e7\u00f5es e inscri\u00e7\u00f5es pelo site <a href=\"http:\/\/www.sulamericanodecancerologia.com.br\" target=\"_blank\">http:\/\/www.sulamericanodecancerologia.com.br<\/a> ou pelo telefone (27)3019-0647.<\/p>\n","protected":false},"excerpt":{"rendered":"<p>Simp\u00f3sio Sul-Americano de Cancerologia &#8211; entre os dias 5 e 7 de maio, especialistas de v\u00e1rios pa\u00edses da Am\u00e9rica do Sul debater\u00e3o as inova\u00e7\u00f5es da medicina para o tratamento do c\u00e2ncer durante o I Simp\u00f3sio Sul-Americano de Cancerologia, em Vit\u00f3ria. O evento \u00e9 direcionado aos profissionais de sa\u00fade de todas as \u00e1reas. Os palestrantes ir\u00e3o [&hellip;]<\/p>\n","protected":false},"author":3,"featured_media":0,"comment_status":"open","ping_status":"open","sticky":false,"template":"","format":"standard","meta":{"_genesis_hide_title":false,"_genesis_hide_breadcrumbs":false,"_genesis_hide_singular_image":false,"_genesis_hide_footer_widgets":false,"_genesis_custom_body_class":"","_genesis_custom_post_class":"","_genesis_layout":"","_jetpack_memberships_contains_paid_content":false,"footnotes":""},"categories":[22,351,370,5],"tags":[],"class_list":{"0":"post-34182","1":"post","2":"type-post","3":"status-publish","4":"format-standard","6":"category-brasil","7":"category-cursos","8":"category-inscricao","9":"category-saude-e-vida","10":"entry","11":"gs-1","12":"gs-odd","13":"gs-even","14":"gs-featured-content-entry"},"jetpack_featured_media_url":"","jetpack_sharing_enabled":true,"jetpack_likes_enabled":true,"_links":{"self":[{"href":"https:\/\/www.redenoticia.com.br\/noticia\/wp-json\/wp\/v2\/posts\/34182","targetHints":{"allow":["GET"]}}],"collection":[{"href":"https:\/\/www.redenoticia.com.br\/noticia\/wp-json\/wp\/v2\/posts"}],"about":[{"href":"https:\/\/www.redenoticia.com.br\/noticia\/wp-json\/wp\/v2\/types\/post"}],"author":[{"embeddable":true,"href":"https:\/\/www.redenoticia.com.br\/noticia\/wp-json\/wp\/v2\/users\/3"}],"replies":[{"embeddable":true,"href":"https:\/\/www.redenoticia.com.br\/noticia\/wp-json\/wp\/v2\/comments?post=34182"}],"version-history":[{"count":0,"href":"https:\/\/www.redenoticia.com.br\/noticia\/wp-json\/wp\/v2\/posts\/34182\/revisions"}],"wp:attachment":[{"href":"https:\/\/www.redenoticia.com.br\/noticia\/wp-json\/wp\/v2\/media?parent=34182"}],"wp:term":[{"taxonomy":"category","embeddable":true,"href":"https:\/\/www.redenoticia.com.br\/noticia\/wp-json\/wp\/v2\/categories?post=34182"},{"taxonomy":"post_tag","embeddable":true,"href":"https:\/\/www.redenoticia.com.br\/noticia\/wp-json\/wp\/v2\/tags?post=34182"}],"curies":[{"name":"wp","href":"https:\/\/api.w.org\/{rel}","templated":true}]}}