{"id":34174,"date":"2011-03-23T13:10:36","date_gmt":"2011-03-23T17:10:36","guid":{"rendered":"http:\/\/www.redenoticia.com.br\/noticia\/?p=34174"},"modified":"2011-03-23T13:10:36","modified_gmt":"2011-03-23T17:10:36","slug":"frente-fria-avanca-sobre-o-rs","status":"publish","type":"post","link":"https:\/\/www.redenoticia.com.br\/noticia\/2011\/frente-fria-avanca-sobre-o-rs\/34174","title":{"rendered":"Frente fria avan\u00e7a sobre o RS"},"content":{"rendered":"<p>A massa de ar frio enfraqueceu, mas o tempo continua seco no Rio Grande do  Sul e a quarta-feira (23\/03) come\u00e7ou aberta em todo o Estado. As imagens de  sat\u00e9lite mostram que uma <em><strong>frente fria<\/strong><\/em> avan\u00e7a da Argentina e do Uruguai em dire\u00e7\u00e3o  ao Brasil.<\/p>\n<p>Segundo a SOMAR Meteorologia, com o tempo aberto a temperatura sobe at\u00e9 o  meio da tarde que vai ter m\u00e1xima acima dos 30\u00b0C em grade parte do Estado. Hoje o  tempo j\u00e1 come\u00e7a a mudar na regi\u00e3o da Campanha com a aproxima\u00e7\u00e3o da frente fria.  As chuvas atingem de forma generalizada a regi\u00e3o que sofre com a estiagem desde  o m\u00eas de outubro. \u00c1reas de instabilidade geradas pelo calor provocam pancadas de  chuva tamb\u00e9m entre o norte e nordeste ga\u00facho, mas de forma isolada.<\/p>\n<p>Na quinta-feira (24\/03), os ventos que sopram ar quente do norte do Brasil v\u00e3o deixar a  madrugada da quinta-feira abafada no Rio Grande do Sul, mas com o avan\u00e7o da  frente fria, a nebulosidade aumenta em todo o Estado e por isso a tarde n\u00e3o ser\u00e1  t\u00e3o quente quanto dos \u00faltimos dias. A frente fria provoca chuva generalizada com  maior risco de temporais entre a Campanha e a Lagoa dos Patos.<\/p>\n","protected":false},"excerpt":{"rendered":"<p>A massa de ar frio enfraqueceu, mas o tempo continua seco no Rio Grande do Sul e a quarta-feira (23\/03) come\u00e7ou aberta em todo o Estado. As imagens de sat\u00e9lite mostram que uma frente fria avan\u00e7a da Argentina e do Uruguai em dire\u00e7\u00e3o ao Brasil. Segundo a SOMAR Meteorologia, com o tempo aberto a temperatura [&hellip;]<\/p>\n","protected":false},"author":3,"featured_media":0,"comment_status":"open","ping_status":"open","sticky":false,"template":"","format":"standard","meta":{"_genesis_hide_title":false,"_genesis_hide_breadcrumbs":false,"_genesis_hide_singular_image":false,"_genesis_hide_footer_widgets":false,"_genesis_custom_body_class":"","_genesis_custom_post_class":"","_genesis_layout":"","_jetpack_memberships_contains_paid_content":false,"footnotes":""},"categories":[22,327],"tags":[],"class_list":{"0":"post-34174","1":"post","2":"type-post","3":"status-publish","4":"format-standard","6":"category-brasil","7":"category-clima","8":"entry","9":"gs-1","10":"gs-odd","11":"gs-even","12":"gs-featured-content-entry"},"jetpack_featured_media_url":"","jetpack_sharing_enabled":true,"jetpack_likes_enabled":true,"_links":{"self":[{"href":"https:\/\/www.redenoticia.com.br\/noticia\/wp-json\/wp\/v2\/posts\/34174","targetHints":{"allow":["GET"]}}],"collection":[{"href":"https:\/\/www.redenoticia.com.br\/noticia\/wp-json\/wp\/v2\/posts"}],"about":[{"href":"https:\/\/www.redenoticia.com.br\/noticia\/wp-json\/wp\/v2\/types\/post"}],"author":[{"embeddable":true,"href":"https:\/\/www.redenoticia.com.br\/noticia\/wp-json\/wp\/v2\/users\/3"}],"replies":[{"embeddable":true,"href":"https:\/\/www.redenoticia.com.br\/noticia\/wp-json\/wp\/v2\/comments?post=34174"}],"version-history":[{"count":0,"href":"https:\/\/www.redenoticia.com.br\/noticia\/wp-json\/wp\/v2\/posts\/34174\/revisions"}],"wp:attachment":[{"href":"https:\/\/www.redenoticia.com.br\/noticia\/wp-json\/wp\/v2\/media?parent=34174"}],"wp:term":[{"taxonomy":"category","embeddable":true,"href":"https:\/\/www.redenoticia.com.br\/noticia\/wp-json\/wp\/v2\/categories?post=34174"},{"taxonomy":"post_tag","embeddable":true,"href":"https:\/\/www.redenoticia.com.br\/noticia\/wp-json\/wp\/v2\/tags?post=34174"}],"curies":[{"name":"wp","href":"https:\/\/api.w.org\/{rel}","templated":true}]}}