{"id":34101,"date":"2011-03-18T09:49:00","date_gmt":"2011-03-18T13:49:00","guid":{"rendered":"http:\/\/www.redenoticia.com.br\/noticia\/?p=34101"},"modified":"2011-03-18T09:52:45","modified_gmt":"2011-03-18T13:52:45","slug":"ministerio-da-saude-divulga-novos-dados-sobre-a-dengue","status":"publish","type":"post","link":"https:\/\/www.redenoticia.com.br\/noticia\/2011\/ministerio-da-saude-divulga-novos-dados-sobre-a-dengue\/34101","title":{"rendered":"Minist\u00e9rio da Sa\u00fade divulga novos dados sobre a dengue"},"content":{"rendered":"<p>A Secretaria de Vigil\u00e2ncia em Sa\u00fade do Minist\u00e9rio da Sa\u00fade divulgou novos n\u00fameros da <em><strong>dengue<\/strong><\/em> em 2011. At\u00e9 o \u00faltimo dia 26 de fevereiro, foram notificados 155.613 casos em todo o pa\u00eds \u2013 n\u00famero 37% menor do que no mesmo per\u00edodo do ano passado. No entanto, os cuidados preventivos devem ser mantidos e intensificados para evitar novos registros da doen\u00e7a. Do total de notifica\u00e7\u00f5es, 2.365 s\u00e3o de casos graves e 241 de \u00f3bitos suspeitos.<\/p>\n<p>A regi\u00e3o Norte concentra 31,6% do total de casos suspeitos, com 49.101 notifica\u00e7\u00f5es. Em seguida, est\u00e3o as regi\u00f5es Sudeste (27% e 42.092 casos), Nordeste (18,4% e 28.653 notifica\u00e7\u00f5es), Centro-Oeste (12,3% e 19.066 casos) e Sul (10,7% e 16.701 casos). A maior parte dos casos (53%) foi notificada em cinco estados: Amazonas, Acre, Paran\u00e1, Rio de Janeiro e Minas Gerais (veja tabela 1).<\/p>\n<p>Para avaliar a situa\u00e7\u00e3o de cada regi\u00e3o, o Minist\u00e9rio da Sa\u00fade considera ainda a incid\u00eancia dos casos de dengue. Ela \u00e9 alta quando h\u00e1 mais de 300 casos por 100 mil habitantes; m\u00e9dia entre 100 e 300 e baixa entre 0 e 100 casos por 100 mil habitantes. De janeiro a fevereiro de 2011, dois estados apresentaram alta incid\u00eancia da doen\u00e7a, 9 m\u00e9dia incid\u00eancia e 16 baixa.<\/p>\n<p>\u201cEmbora a maior parte dos estados n\u00e3o tenham alta incid\u00eancia da doen\u00e7a, \u00e9 necess\u00e1rio que os cuidados preventivos sejam intensificados e mantidos, pois o per\u00edodo das chuvas ainda n\u00e3o acabou em muitos estados. Portanto, deve-se manter a situa\u00e7\u00e3o de alerta\u201d, destaca o secret\u00e1rio de Vigil\u00e2ncia em Sa\u00fade, Jarbas Barbosa.<\/p>\n<p>Casos graves e \u00f3bitos \u2013 A Secretaria de Vigil\u00e2ncia em Sa\u00fade recebeu 2.365 notifica\u00e7\u00f5es de suspeitas de casos graves de dengue em todo o pa\u00eds. At\u00e9 o momento, 471 foram confirmados; 60, descartados e 1.117 permanecem em investiga\u00e7\u00e3o. A maior parte foi registrada no Sudeste, que somou 1.126 notifica\u00e7\u00f5es (47,6% do total): a maioria no Rio de Janeiro (762).<\/p>\n<p>Em seguida vem a regi\u00e3o Norte, com 30% dos casos graves suspeitos do pa\u00eds: Amazonas e Par\u00e1 notificaram, respectivamente, 438 e 195. No Nordeste foram registrados 15,8% do total dos casos graves: Pernambuco (116), Cear\u00e1 (109) e Rio Grande do Norte (74) s\u00e3o os estados com mais notifica\u00e7\u00f5es. O Centro-Oeste responde por 5% desses registros, sendo a maioria do Mato Grosso e Goi\u00e1s (54 notifica\u00e7\u00f5es cada). No Sul, s\u00f3 houve registros no Paran\u00e1 (39).<\/p>\n<p>Em rela\u00e7\u00e3o aos \u00f3bitos, a Secretaria de Vigil\u00e2ncia em Sa\u00fade recebeu 241 notifica\u00e7\u00f5es de \u00f3bitos suspeitos. At\u00e9 o momento, 51 est\u00e3o confirmados; 79, descartados e 112 continuam em investiga\u00e7\u00e3o. As mortes confirmadas ocorreram no Acre, Amazonas, Par\u00e1, Maranh\u00e3o, Cear\u00e1, Pernambuco, Alagoas, Bahia, Minas Gerais, Esp\u00edrito Santo, Rio de Janeiro, S\u00e3o Paulo, Paran\u00e1, Mato Grosso e Goi\u00e1s (confira tabela 2).<\/p>\n<p>\u201cDevemos sempre enfatizar que mesmo em situa\u00e7\u00f5es de alta incid\u00eancia de dengue \u00e9 poss\u00edvel reduzir a ocorr\u00eancia de muitos \u00f3bitos, a exemplo do que vimos no Acre neste come\u00e7o de ano: apesar da alta incid\u00eancia de casos, o estado s\u00f3 registrou uma morte por dengue\u201d, alerta o secret\u00e1rio Jarbas Barbosa.<\/p>\n<p>DENV- 1 \u2013 O levantamento da Secretaria de Vigil\u00e2ncia em Sa\u00fade indica ainda que o sorotipo Denv-1 \u00e9 o que mais tem infectado os brasileiros. Das 1.856 amostras de sangue de pacientes com sintomas da doen\u00e7a que foram submetidas ao processo de isolamento viral, 335 deram positivo para a dengue e houve a detec\u00e7\u00e3o do DENV-1 em 81,8% delas. O DENV-2 apareceu em 11% dos resultados positivos, o DENV-4 em 5,4% (apenas nos estados de Roraima, Amazonas e Par\u00e1) e o DENV-3 em 1,8%.<\/p>\n<p>\u201cO DENV-1 est\u00e1 em quase todas as unidades da Federa\u00e7\u00e3o. Esse sorotipo n\u00e3o circulava no pa\u00eds desde o fim da d\u00e9cada de 1980, o que indica que milh\u00f5es de brasileiros n\u00e3o tiveram contato com o DENV-1 e, consequentemente, n\u00e3o t\u00eam imunidade contra ele, aumentando o risco de se infectarem\u201d, explica o secret\u00e1rio Jarbas Barbosa.<\/p>\n<p>A\u00e7\u00f5es \u2013 O Minist\u00e9rio da Sa\u00fade tem apoiado as a\u00e7\u00f5es adotadas pelas secretarias Estaduais e Municipais de Sa\u00fade para controlar a doen\u00e7a. Preventivamente, al\u00e9m da compra de equipamentos, ve\u00edculos, inseticidas e medicamentos, o Minist\u00e9rio da Sa\u00fade capacitou m\u00e9dicos e enfermeiros, revisou manuais de diagn\u00f3stico e tratamento de pacientes pedi\u00e1tricos, assessorou a elabora\u00e7\u00e3o dos planos de conting\u00eancia de estados e munic\u00edpios e intensificou as a\u00e7\u00f5es de m\u00eddia em todo o pa\u00eds de acordo com o ciclo de chuvas e com os criadouros do Aedes aegypti predominantes em cada regi\u00e3o.<\/p>\n<p>Com a intensifica\u00e7\u00e3o do per\u00edodo de transmiss\u00e3o da dengue, o combate \u00e0 doen\u00e7a passou a ser prioridade do governo federal, por decis\u00e3o da presidenta Dilma Rousseff, que determinou a cria\u00e7\u00e3o de grupo de trabalho coordenado pelo Minist\u00e9rio da Sa\u00fade e formado por 13 \u00f3rg\u00e3os federais. A notifica\u00e7\u00e3o dos casos graves e mortes suspeitos passou a ser compuls\u00f3ria e o ministro da Sa\u00fade, Alexandre Padilha, visitou cada um dos 16 estados com alto risco de enfrentar surto da doen\u00e7a neste come\u00e7o de ano.<\/p>\n<p>O ministro tamb\u00e9m se reuniu com representantes dos governos estaduais e municipais, lideran\u00e7as empresariais, religiosas, sindicais e comunit\u00e1rias para refor\u00e7ar as a\u00e7\u00f5es de mobiliza\u00e7\u00e3o. T\u00e9cnicos do Minist\u00e9rio da Sa\u00fade estiveram nos munic\u00edpios considerados priorit\u00e1rios para o combate \u00e0 dengue, a fim de refor\u00e7ar as a\u00e7\u00f5es de vigil\u00e2ncia e contribuir na prepara\u00e7\u00e3o da rede de assist\u00eancia para que os pacientes com sintomas da doen\u00e7a recebam um pronto atendimento.<\/p>\n","protected":false},"excerpt":{"rendered":"<p>A Secretaria de Vigil\u00e2ncia em Sa\u00fade do Minist\u00e9rio da Sa\u00fade divulgou novos n\u00fameros da dengue em 2011. At\u00e9 o \u00faltimo dia 26 de fevereiro, foram notificados 155.613 casos em todo o pa\u00eds \u2013 n\u00famero 37% menor do que no mesmo per\u00edodo do ano passado. No entanto, os cuidados preventivos devem ser mantidos e intensificados para [&hellip;]<\/p>\n","protected":false},"author":3,"featured_media":0,"comment_status":"open","ping_status":"open","sticky":false,"template":"","format":"standard","meta":{"_genesis_hide_title":false,"_genesis_hide_breadcrumbs":false,"_genesis_hide_singular_image":false,"_genesis_hide_footer_widgets":false,"_genesis_custom_body_class":"","_genesis_custom_post_class":"","_genesis_layout":"","_jetpack_memberships_contains_paid_content":false,"footnotes":""},"categories":[22,5],"tags":[],"class_list":{"0":"post-34101","1":"post","2":"type-post","3":"status-publish","4":"format-standard","6":"category-brasil","7":"category-saude-e-vida","8":"entry","9":"gs-1","10":"gs-odd","11":"gs-even","12":"gs-featured-content-entry"},"jetpack_featured_media_url":"","jetpack_sharing_enabled":true,"jetpack_likes_enabled":true,"_links":{"self":[{"href":"https:\/\/www.redenoticia.com.br\/noticia\/wp-json\/wp\/v2\/posts\/34101","targetHints":{"allow":["GET"]}}],"collection":[{"href":"https:\/\/www.redenoticia.com.br\/noticia\/wp-json\/wp\/v2\/posts"}],"about":[{"href":"https:\/\/www.redenoticia.com.br\/noticia\/wp-json\/wp\/v2\/types\/post"}],"author":[{"embeddable":true,"href":"https:\/\/www.redenoticia.com.br\/noticia\/wp-json\/wp\/v2\/users\/3"}],"replies":[{"embeddable":true,"href":"https:\/\/www.redenoticia.com.br\/noticia\/wp-json\/wp\/v2\/comments?post=34101"}],"version-history":[{"count":0,"href":"https:\/\/www.redenoticia.com.br\/noticia\/wp-json\/wp\/v2\/posts\/34101\/revisions"}],"wp:attachment":[{"href":"https:\/\/www.redenoticia.com.br\/noticia\/wp-json\/wp\/v2\/media?parent=34101"}],"wp:term":[{"taxonomy":"category","embeddable":true,"href":"https:\/\/www.redenoticia.com.br\/noticia\/wp-json\/wp\/v2\/categories?post=34101"},{"taxonomy":"post_tag","embeddable":true,"href":"https:\/\/www.redenoticia.com.br\/noticia\/wp-json\/wp\/v2\/tags?post=34101"}],"curies":[{"name":"wp","href":"https:\/\/api.w.org\/{rel}","templated":true}]}}