{"id":34071,"date":"2011-03-16T10:18:18","date_gmt":"2011-03-16T14:18:18","guid":{"rendered":"http:\/\/www.redenoticia.com.br\/noticia\/?p=34071"},"modified":"2011-03-16T10:18:18","modified_gmt":"2011-03-16T14:18:18","slug":"sp-convoca-paulistas-para-vacinacao-contra-sarampo","status":"publish","type":"post","link":"https:\/\/www.redenoticia.com.br\/noticia\/2011\/sp-convoca-paulistas-para-vacinacao-contra-sarampo\/34071","title":{"rendered":"SP convoca paulistas para vacina\u00e7\u00e3o contra sarampo"},"content":{"rendered":"<p>O Governo do Estado, por meio da Secretaria da Sa\u00fade, decidiu convocar as pessoas que ir\u00e3o viajar ao exterior ou a outros estados brasileiros para que tomem a <em><strong>vacina contra o sarampo<\/strong><\/em>, caso ainda n\u00e3o tenham sido imunizadas. O motivo \u00e9 a confirma\u00e7\u00e3o do primeiro caso importado de sarampo no Estado desde 2005. A a\u00e7\u00e3o \u00e9 preventiva, com objetivo de evitar que a doen\u00e7a retorne a circular no territ\u00f3rio paulista.<\/p>\n<p>Segundo investiga\u00e7\u00e3o do Centro de Vigil\u00e2ncia Epidemiol\u00f3gica (CVE) da Secretaria, o caso confirmado \u00e9 de um morador de Campinas, de 41 anos, sem documenta\u00e7\u00e3o de vacina tr\u00edplice viral, que viajou para Orlando (EUA) em janeiro. An\u00e1lises de amostras de sangue e urina feitas no Instituto Adolfo Lutz, em S\u00e3o Paulo, e na Fiocruz, no Rio de Janeiro, deram positivo para sarampo.<\/p>\n<p>&#8220;A vacina\u00e7\u00e3o \u00e9 a forma mais eficaz de se prevenir o sarampo. Por isso refor\u00e7amos a necessidade de todos aqueles que n\u00e3o tiverem comprova\u00e7\u00e3o de dose em carteira, em especial aos viajantes, comparecerem aos postos de sa\u00fade para tomarem a vacina e ficarem protegidos&#8221;, afirma Helena Sato, diretora de Imuniza\u00e7\u00e3o da Secretaria.<\/p>\n<p>Al\u00e9m dos viajantes, devem tomar a vacina os profissionais que atuam no setor de turismo, como motoristas de t\u00e1xi, funcion\u00e1rios de hot\u00e9is e restaurantes, e outros que mantenham contato com turistas no Estado. Tamb\u00e9m devem tomar uma dose da vacina profissionais de sa\u00fade e de educa\u00e7\u00e3o.<\/p>\n<p>A vacina\u00e7\u00e3o \u00e9 importante. No calend\u00e1rio b\u00e1sico a primeira dose \u00e9 aplicada aos 12 meses e uma segunda dose entre 4 e 6 anos de idade. Para as pessoas entre 7 e 19 anos de idade, recomenda-se que recebam 2 doses (com intervalo de 30 dias) e para as pessoas entre 20 e 50 anos, pelo menos uma dose.<\/p>\n<p>Casos de sarampo continuam ocorrendo em diferentes partes do mundo, como Europa, \u00c1frica e Austr\u00e1lia. Na regi\u00e3o das Am\u00e9ricas houve evid\u00eancia de surtos neste ano no Canad\u00e1, Estados Unidos e Argentina. No Brasil, em 2010, foram identificados 68 casos de sarampo, distribu\u00eddos entre Par\u00e1, Rio Grande do Sul e Para\u00edba.<\/p>\n<p>O Estado de S\u00e3o Paulo n\u00e3o apresenta casos aut\u00f3ctones de sarampo desde 2000. Em 2001, 2002 e 2005 foram identificados quatro casos importados ou vinculados \u00e0 importa\u00e7\u00e3o.<\/p>\n<p>Para os viajantes que retornam a S\u00e3o Paulo a orienta\u00e7\u00e3o \u00e9 para que fiquem atentos aos sintomas do sarampo. Os principais sintomas s\u00e3o febre e exantema (manchas avermelhadas no corpo), acompanhados ou n\u00e3o de tosse, coriza e conjuntivite. Nesses casos a recomenda\u00e7\u00e3o \u00e9 para que a pessoa procure imediatamente um posto de sa\u00fade e evite contato desnecess\u00e1rio com outras pessoas at\u00e9 que receba avalia\u00e7\u00e3o m\u00e9dica.<\/p>\n<p>Da Secretaria da Sa\u00fade<\/p>\n","protected":false},"excerpt":{"rendered":"<p>O Governo do Estado, por meio da Secretaria da Sa\u00fade, decidiu convocar as pessoas que ir\u00e3o viajar ao exterior ou a outros estados brasileiros para que tomem a vacina contra o sarampo, caso ainda n\u00e3o tenham sido imunizadas. O motivo \u00e9 a confirma\u00e7\u00e3o do primeiro caso importado de sarampo no Estado desde 2005. A a\u00e7\u00e3o [&hellip;]<\/p>\n","protected":false},"author":3,"featured_media":0,"comment_status":"open","ping_status":"open","sticky":false,"template":"","format":"standard","meta":{"_genesis_hide_title":false,"_genesis_hide_breadcrumbs":false,"_genesis_hide_singular_image":false,"_genesis_hide_footer_widgets":false,"_genesis_custom_body_class":"","_genesis_custom_post_class":"","_genesis_layout":"","_jetpack_memberships_contains_paid_content":false,"footnotes":""},"categories":[22,5],"tags":[],"class_list":{"0":"post-34071","1":"post","2":"type-post","3":"status-publish","4":"format-standard","6":"category-brasil","7":"category-saude-e-vida","8":"entry","9":"gs-1","10":"gs-odd","11":"gs-even","12":"gs-featured-content-entry"},"jetpack_featured_media_url":"","jetpack_sharing_enabled":true,"jetpack_likes_enabled":true,"_links":{"self":[{"href":"https:\/\/www.redenoticia.com.br\/noticia\/wp-json\/wp\/v2\/posts\/34071","targetHints":{"allow":["GET"]}}],"collection":[{"href":"https:\/\/www.redenoticia.com.br\/noticia\/wp-json\/wp\/v2\/posts"}],"about":[{"href":"https:\/\/www.redenoticia.com.br\/noticia\/wp-json\/wp\/v2\/types\/post"}],"author":[{"embeddable":true,"href":"https:\/\/www.redenoticia.com.br\/noticia\/wp-json\/wp\/v2\/users\/3"}],"replies":[{"embeddable":true,"href":"https:\/\/www.redenoticia.com.br\/noticia\/wp-json\/wp\/v2\/comments?post=34071"}],"version-history":[{"count":0,"href":"https:\/\/www.redenoticia.com.br\/noticia\/wp-json\/wp\/v2\/posts\/34071\/revisions"}],"wp:attachment":[{"href":"https:\/\/www.redenoticia.com.br\/noticia\/wp-json\/wp\/v2\/media?parent=34071"}],"wp:term":[{"taxonomy":"category","embeddable":true,"href":"https:\/\/www.redenoticia.com.br\/noticia\/wp-json\/wp\/v2\/categories?post=34071"},{"taxonomy":"post_tag","embeddable":true,"href":"https:\/\/www.redenoticia.com.br\/noticia\/wp-json\/wp\/v2\/tags?post=34071"}],"curies":[{"name":"wp","href":"https:\/\/api.w.org\/{rel}","templated":true}]}}