{"id":34051,"date":"2011-03-15T09:07:47","date_gmt":"2011-03-15T13:07:47","guid":{"rendered":"http:\/\/www.redenoticia.com.br\/noticia\/?p=34051"},"modified":"2011-03-15T09:07:47","modified_gmt":"2011-03-15T13:07:47","slug":"henrique-meirelles-aceita-presidir-apo","status":"publish","type":"post","link":"https:\/\/www.redenoticia.com.br\/noticia\/2011\/henrique-meirelles-aceita-presidir-apo\/34051","title":{"rendered":"Henrique Meirelles aceita presidir APO"},"content":{"rendered":"<p><em><strong>Olimp\u00edadas de 2016<\/strong><\/em> &#8211; o\u00a0ex-presidente do Banco Central <em><strong>Henrique Meirelles<\/strong><\/em> disse \u00e0 presidenta da Rep\u00fablica, Dilma Rousseff, que aceita assumir a presid\u00eancia da Autoridade P\u00fablica Ol\u00edmpica (APO). O \u00f3rg\u00e3o ser\u00e1 criado para coordenar as obras necess\u00e1rias para as Olimp\u00edadas de 2016, no Rio de Janeiro. Meirelles ainda ter\u00e1 que passar pela aprova\u00e7\u00e3o do Senado, que o submeter\u00e1 a uma sabatina.<\/p>\n<p>Ap\u00f3s se encontrar com a presidenta no Pal\u00e1cio do Planalto, Meirelles disse que os crit\u00e9rios para preenchimento dos cargos da APO obedecer\u00e3o crit\u00e9rios exclusivamente t\u00e9cnicos. Ele ressaltou que os prazos para a realiza\u00e7\u00e3o das obras s\u00e3o &#8220;implac\u00e1veis&#8221; e, por isso, observar a qualifica\u00e7\u00e3o t\u00e9cnica das pessoas que trabalhar\u00e3o no \u00f3rg\u00e3o deve ser prioridade.<\/p>\n<p>Meirelles disse tamb\u00e9m que n\u00e3o aceitar\u00e1 press\u00e3o pol\u00edtica para a ocupa\u00e7\u00e3o dos cargos. &#8220;Essa quest\u00e3o de press\u00f5es pol\u00edticas, isso \u00e9 normal, acontece em qualquer esfera de governo. Mas eu tenho uma certa tradi\u00e7\u00e3o e experi\u00eancia nisso nos meus oito anos de Banco Central, que pudemos administrar dentro de crit\u00e9rios rigorosos. Os profissionais t\u00eam que ser de qualifica\u00e7\u00e3o t\u00e9cnica e de gest\u00e3o de primeira linha\u201d.<\/p>\n<p>A APO foi constitu\u00edda por meio de uma medida provis\u00f3ria (MP) editada pelo ex-presidente Luiz In\u00e1cio Lula da Silva. No in\u00edcio deste m\u00eas, o Congresso aprovou o texto da MP com algumas altera\u00e7\u00f5es, principalmente em rela\u00e7\u00e3o ao n\u00famero de cargos para o \u00f3rg\u00e3o. Durante a tramita\u00e7\u00e3o, mudan\u00e7as foram feitas pelo proprio governo, que enviou uma segundo texto, cortando 313 cargos dos 484 previstos na proposta original. O texto final, que ainda depende de san\u00e7\u00e3o da presidenta Dilma Rousseff, prev\u00ea a cria\u00e7\u00e3o de 181 cargos comissionados.<\/p>\n<p>Ao anunciar que aceitou o convite para dirigir a APO, Meirelles lembrou que participou da defesa do Rio de Janeiro para sediar os jogos e que foi respons\u00e1vel pela palestra sobre a capacidade econ\u00f4mica e pol\u00edtica do Brasil para entregar as obras necess\u00e1rias \u00e0s Olimp\u00edadas.<\/p>\n<p>Fonte Ag\u00eancia Brasil<\/p>\n<p>Luciana Lima<br \/>\nRep\u00f3rter da Ag\u00eancia Brasil<\/p>\n<p>Edi\u00e7\u00e3o: Vinicius Doria<\/p>\n","protected":false},"excerpt":{"rendered":"<p>Olimp\u00edadas de 2016 &#8211; o\u00a0ex-presidente do Banco Central Henrique Meirelles disse \u00e0 presidenta da Rep\u00fablica, Dilma Rousseff, que aceita assumir a presid\u00eancia da Autoridade P\u00fablica Ol\u00edmpica (APO). O \u00f3rg\u00e3o ser\u00e1 criado para coordenar as obras necess\u00e1rias para as Olimp\u00edadas de 2016, no Rio de Janeiro. Meirelles ainda ter\u00e1 que passar pela aprova\u00e7\u00e3o do Senado, que [&hellip;]<\/p>\n","protected":false},"author":3,"featured_media":0,"comment_status":"open","ping_status":"open","sticky":false,"template":"","format":"standard","meta":{"_genesis_hide_title":false,"_genesis_hide_breadcrumbs":false,"_genesis_hide_singular_image":false,"_genesis_hide_footer_widgets":false,"_genesis_custom_body_class":"","_genesis_custom_post_class":"","_genesis_layout":"","_jetpack_memberships_contains_paid_content":false,"footnotes":""},"categories":[22,7],"tags":[],"class_list":{"0":"post-34051","1":"post","2":"type-post","3":"status-publish","4":"format-standard","6":"category-brasil","7":"category-economia","8":"entry","9":"gs-1","10":"gs-odd","11":"gs-even","12":"gs-featured-content-entry"},"jetpack_featured_media_url":"","jetpack_sharing_enabled":true,"jetpack_likes_enabled":true,"_links":{"self":[{"href":"https:\/\/www.redenoticia.com.br\/noticia\/wp-json\/wp\/v2\/posts\/34051","targetHints":{"allow":["GET"]}}],"collection":[{"href":"https:\/\/www.redenoticia.com.br\/noticia\/wp-json\/wp\/v2\/posts"}],"about":[{"href":"https:\/\/www.redenoticia.com.br\/noticia\/wp-json\/wp\/v2\/types\/post"}],"author":[{"embeddable":true,"href":"https:\/\/www.redenoticia.com.br\/noticia\/wp-json\/wp\/v2\/users\/3"}],"replies":[{"embeddable":true,"href":"https:\/\/www.redenoticia.com.br\/noticia\/wp-json\/wp\/v2\/comments?post=34051"}],"version-history":[{"count":0,"href":"https:\/\/www.redenoticia.com.br\/noticia\/wp-json\/wp\/v2\/posts\/34051\/revisions"}],"wp:attachment":[{"href":"https:\/\/www.redenoticia.com.br\/noticia\/wp-json\/wp\/v2\/media?parent=34051"}],"wp:term":[{"taxonomy":"category","embeddable":true,"href":"https:\/\/www.redenoticia.com.br\/noticia\/wp-json\/wp\/v2\/categories?post=34051"},{"taxonomy":"post_tag","embeddable":true,"href":"https:\/\/www.redenoticia.com.br\/noticia\/wp-json\/wp\/v2\/tags?post=34051"}],"curies":[{"name":"wp","href":"https:\/\/api.w.org\/{rel}","templated":true}]}}