{"id":34044,"date":"2011-03-14T16:54:42","date_gmt":"2011-03-14T20:54:42","guid":{"rendered":"http:\/\/www.redenoticia.com.br\/noticia\/?p=34044"},"modified":"2011-03-14T16:54:42","modified_gmt":"2011-03-14T20:54:42","slug":"michelly-bohnen-e-eleita-miss-sc-2011-no-beto-carrero-world","status":"publish","type":"post","link":"https:\/\/www.redenoticia.com.br\/noticia\/2011\/michelly-bohnen-e-eleita-miss-sc-2011-no-beto-carrero-world\/34044","title":{"rendered":"Michelly Bohnen \u00e9 eleita Miss SC 2011 no Beto Carrero World"},"content":{"rendered":"<p><img loading=\"lazy\" decoding=\"async\" class=\"alignleft size-full wp-image-34045\" title=\"miss santa catarina\" src=\"https:\/\/www.redenoticia.com.br\/noticia\/imagens\/miss-santa-catarina.jpg\" alt=\"\" width=\"301\" height=\"194\" srcset=\"https:\/\/www.redenoticia.com.br\/noticia\/imagens\/miss-santa-catarina.jpg 301w, https:\/\/www.redenoticia.com.br\/noticia\/imagens\/miss-santa-catarina-250x161.jpg 250w, https:\/\/www.redenoticia.com.br\/noticia\/imagens\/miss-santa-catarina-150x96.jpg 150w\" sizes=\"auto, (max-width: 301px) 100vw, 301px\" \/>O rel\u00f3gio marcava exatamente 22h15 quando o concurso teve in\u00edcio no Teatro Acqua, em <em><strong>Beto Carrero World<\/strong><\/em>. A noite chuvosa trouxe sorte \u00e0 candidata de Blumenau, <em><strong>Michelly Francine Bohnen<\/strong><\/em>, que levou a coroa de <em><strong>Miss Sc 2011<\/strong><\/em>. A estudante do curso de nutri\u00e7\u00e3o foi eleita Miss Blumenau em agosto do ano passado.<\/p>\n<p>O concurso contou com a presen\u00e7a de 20 jurados. Entre eles estavam o diretor art\u00edstico do Parque, Maicon Clenk e a catarinense Carina Beduschi, Miss Brasil 2005. O evento foi transmitido ao vivo para todo o Estado, atrav\u00e9s da TVBV (afiliada da Band) e tamb\u00e9m encantou o p\u00fablico com um n\u00famero do espet\u00e1culo Acqua e com o desfile da Miss SC 2010, Aline Zermiani.<\/p>\n<p>A candidata Mayara Mary Martins, de Palho\u00e7a, foi eleita a 1\u00aa sucessora. As belas Gisele Marciniack, Bruna Weidmann e Ariella Carioni Engelke, representantes de Itaja\u00ed, Pomerode e Florian\u00f3polis, foram eleitas como 2\u00aa, 3\u00aa e 4\u00aa sucessoras ao t\u00edtulo Miss SC 2011.<\/p>\n<p>Na mesma noite a candidata de Palho\u00e7a tamb\u00e9m levou t\u00edtulo de Melhor Torcida e Miss Eleg\u00e2ncia. A candidata de Navegantes Rafaele Bertan foi eleita Miss Simpatia e a candidata de Itaja\u00ed, Miss Fotogenia 2011. O t\u00edtulo de Melhor Corpo ficou com a candidata de Campos Novos, Cristiane Moro.<\/p>\n<p>Al\u00e9m do trof\u00e9u e da coroa de cristais, a Miss SC 2011 foi presenteada com uma viajem a Nova York, v\u00e1rios trajes, book e cursos de modelo. O Miss SC \u00e9 o concurso de beleza mais tradicional do Estado e elege representante para o Miss Brasil Universo.<\/p>\n<p>Assessoria de Imprensa Beto Carrero World<br \/>\nMalu Barreto &#8211;  Coordenadora de Comunica\u00e7\u00e3o e Imprensa<br \/>\nCarina Carboni \u2013 Assistente de Comunica\u00e7\u00e3o e Imprensa<\/p>\n","protected":false},"excerpt":{"rendered":"<p>O rel\u00f3gio marcava exatamente 22h15 quando o concurso teve in\u00edcio no Teatro Acqua, em Beto Carrero World. A noite chuvosa trouxe sorte \u00e0 candidata de Blumenau, Michelly Francine Bohnen, que levou a coroa de Miss Sc 2011. A estudante do curso de nutri\u00e7\u00e3o foi eleita Miss Blumenau em agosto do ano passado. O concurso contou [&hellip;]<\/p>\n","protected":false},"author":3,"featured_media":34045,"comment_status":"open","ping_status":"open","sticky":false,"template":"","format":"standard","meta":{"_genesis_hide_title":false,"_genesis_hide_breadcrumbs":false,"_genesis_hide_singular_image":false,"_genesis_hide_footer_widgets":false,"_genesis_custom_body_class":"","_genesis_custom_post_class":"","_genesis_layout":"","_jetpack_memberships_contains_paid_content":false,"footnotes":""},"categories":[22],"tags":[],"class_list":{"0":"post-34044","1":"post","2":"type-post","3":"status-publish","4":"format-standard","5":"has-post-thumbnail","7":"category-brasil","8":"entry","9":"gs-1","10":"gs-odd","11":"gs-even","12":"gs-featured-content-entry"},"jetpack_featured_media_url":"https:\/\/www.redenoticia.com.br\/noticia\/imagens\/miss-santa-catarina.jpg","jetpack_sharing_enabled":true,"jetpack_likes_enabled":true,"_links":{"self":[{"href":"https:\/\/www.redenoticia.com.br\/noticia\/wp-json\/wp\/v2\/posts\/34044","targetHints":{"allow":["GET"]}}],"collection":[{"href":"https:\/\/www.redenoticia.com.br\/noticia\/wp-json\/wp\/v2\/posts"}],"about":[{"href":"https:\/\/www.redenoticia.com.br\/noticia\/wp-json\/wp\/v2\/types\/post"}],"author":[{"embeddable":true,"href":"https:\/\/www.redenoticia.com.br\/noticia\/wp-json\/wp\/v2\/users\/3"}],"replies":[{"embeddable":true,"href":"https:\/\/www.redenoticia.com.br\/noticia\/wp-json\/wp\/v2\/comments?post=34044"}],"version-history":[{"count":0,"href":"https:\/\/www.redenoticia.com.br\/noticia\/wp-json\/wp\/v2\/posts\/34044\/revisions"}],"wp:featuredmedia":[{"embeddable":true,"href":"https:\/\/www.redenoticia.com.br\/noticia\/wp-json\/wp\/v2\/media\/34045"}],"wp:attachment":[{"href":"https:\/\/www.redenoticia.com.br\/noticia\/wp-json\/wp\/v2\/media?parent=34044"}],"wp:term":[{"taxonomy":"category","embeddable":true,"href":"https:\/\/www.redenoticia.com.br\/noticia\/wp-json\/wp\/v2\/categories?post=34044"},{"taxonomy":"post_tag","embeddable":true,"href":"https:\/\/www.redenoticia.com.br\/noticia\/wp-json\/wp\/v2\/tags?post=34044"}],"curies":[{"name":"wp","href":"https:\/\/api.w.org\/{rel}","templated":true}]}}