{"id":33995,"date":"2011-03-11T09:11:35","date_gmt":"2011-03-11T13:11:35","guid":{"rendered":"http:\/\/www.redenoticia.com.br\/noticia\/?p=33995"},"modified":"2011-03-11T09:12:34","modified_gmt":"2011-03-11T13:12:34","slug":"embaixada-do-brasil-no-japao-esta-em-alerta","status":"publish","type":"post","link":"https:\/\/www.redenoticia.com.br\/noticia\/2011\/embaixada-do-brasil-no-japao-esta-em-alerta\/33995","title":{"rendered":"Embaixada do Brasil no Jap\u00e3o est\u00e1 em alerta"},"content":{"rendered":"<p>Bras\u00edlia &#8211; A <em><strong>Embaixada do Brasil no Jap\u00e3o<\/strong><\/em> informou que, por enquanto, n\u00e3o h\u00e1  registros de brasileiros v\u00edtimas do terremoto que atingiu hoje (11) o pa\u00eds.  Segundo a assessoria da representa\u00e7\u00e3o diplom\u00e1tica, a maior parte dos 270 mil  brasileiros que vivem em territ\u00f3rio japon\u00eas mora no Sul e os tremores ocorreram  no Norte. A embaixada informou \u00e0 Ag\u00eancia Brasil que, no  entanto, mant\u00e9m o <strong><em>alerta e o atendimento \u00e0s fam\u00edlias e aos brasileiros<\/em> <\/strong>que est\u00e3o  no Jap\u00e3o.<\/p>\n<p>De acordo com a assessoria, o embaixador do Brasil no Jap\u00e3o, Marcos Bezerra  Abott Galv\u00e3o, est\u00e1 em contato permanente com a comunidade brasileira e recebeu  apoio das autoridades japonesas. Logo ap\u00f3s o terremoto, com magnitude de 8,9  graus na escala Richter, Galv\u00e3o recebeu um telefonema do Minist\u00e9rio das Rela\u00e7\u00f5es  Exteriores do Jap\u00e3o, que se colocou \u00e0 disposi\u00e7\u00e3o do governo brasileiro.<\/p>\n<p>A Embaixada do Brasil colocou um comunicado, na p\u00e1gina da representa\u00e7\u00e3o na  <em>internet<\/em>, informando que \u00e0s 14h46 (hor\u00e1rio do Jap\u00e3o) foi registrado o  terremoto. Segundo a nota, nas \u00e1reas atingidas h\u00e1 um pequeno n\u00famero de  brasileiros. A representa\u00e7\u00e3o informou ainda que est\u00e1 em regime de plant\u00e3o.<\/p>\n<p>As comunica\u00e7\u00f5es nas principais cidades do Jap\u00e3o est\u00e3o interrompidas. O metr\u00f4  em T\u00f3quio parou, assim como os trens que d\u00e3o acesso a algumas regi\u00f5es do pa\u00eds  tamb\u00e9m est\u00e3o paralisados. Uma hora depois dos tremores de terra, o  primeiro-ministro, Naoto Kam, fez um pronunciamento \u00e0 na\u00e7\u00e3o pedindo calma e  informando que a situa\u00e7\u00e3o estava sob controle.<\/p>\n<p>Localizado no chamado Anel  de Fogo do Pac\u00edfico, o Jap\u00e3o concentra cerca de 20% de todos os terremotos de  magnitude superior a 6 graus na escala Richter que ocorrem no mundo. O epicentro  foi na costa pr\u00f3xima \u00e0 prov\u00edncia de Miyagi, a 373 quil\u00f4metros da capital.<\/p>\n<p>A Ag\u00eancia Meteorol\u00f3gica do Jap\u00e3o emitiu alerta de <em>tsunami <\/em>para ondas  de at\u00e9 10 metros em toda a costa do Pac\u00edfico. As ondas podem atingir tamb\u00e9m as  Filipinas, o Hava\u00ed, a costa pac\u00edfica da R\u00fassia, a Indon\u00e9sia, Taiwan e mesmo  pa\u00edses da Am\u00e9rica do Sul como o Chile.<\/p>\n<p>Fonte Ag\u00eancia Brasil<\/p>\n<p>Renata Giraldi<br \/>\nRep\u00f3rter da Ag\u00eancia Brasil<\/p>\n<p>Edi\u00e7\u00e3o: Juliana Andrade<\/p>\n<p>&nbsp;<\/p>\n","protected":false},"excerpt":{"rendered":"<p>Bras\u00edlia &#8211; A Embaixada do Brasil no Jap\u00e3o informou que, por enquanto, n\u00e3o h\u00e1 registros de brasileiros v\u00edtimas do terremoto que atingiu hoje (11) o pa\u00eds. Segundo a assessoria da representa\u00e7\u00e3o diplom\u00e1tica, a maior parte dos 270 mil brasileiros que vivem em territ\u00f3rio japon\u00eas mora no Sul e os tremores ocorreram no Norte. A embaixada [&hellip;]<\/p>\n","protected":false},"author":3,"featured_media":0,"comment_status":"open","ping_status":"open","sticky":false,"template":"","format":"standard","meta":{"_genesis_hide_title":false,"_genesis_hide_breadcrumbs":false,"_genesis_hide_singular_image":false,"_genesis_hide_footer_widgets":false,"_genesis_custom_body_class":"","_genesis_custom_post_class":"","_genesis_layout":"","_jetpack_memberships_contains_paid_content":false,"footnotes":""},"categories":[22],"tags":[],"class_list":{"0":"post-33995","1":"post","2":"type-post","3":"status-publish","4":"format-standard","6":"category-brasil","7":"entry","8":"gs-1","9":"gs-odd","10":"gs-even","11":"gs-featured-content-entry"},"jetpack_featured_media_url":"","jetpack_sharing_enabled":true,"jetpack_likes_enabled":true,"_links":{"self":[{"href":"https:\/\/www.redenoticia.com.br\/noticia\/wp-json\/wp\/v2\/posts\/33995","targetHints":{"allow":["GET"]}}],"collection":[{"href":"https:\/\/www.redenoticia.com.br\/noticia\/wp-json\/wp\/v2\/posts"}],"about":[{"href":"https:\/\/www.redenoticia.com.br\/noticia\/wp-json\/wp\/v2\/types\/post"}],"author":[{"embeddable":true,"href":"https:\/\/www.redenoticia.com.br\/noticia\/wp-json\/wp\/v2\/users\/3"}],"replies":[{"embeddable":true,"href":"https:\/\/www.redenoticia.com.br\/noticia\/wp-json\/wp\/v2\/comments?post=33995"}],"version-history":[{"count":0,"href":"https:\/\/www.redenoticia.com.br\/noticia\/wp-json\/wp\/v2\/posts\/33995\/revisions"}],"wp:attachment":[{"href":"https:\/\/www.redenoticia.com.br\/noticia\/wp-json\/wp\/v2\/media?parent=33995"}],"wp:term":[{"taxonomy":"category","embeddable":true,"href":"https:\/\/www.redenoticia.com.br\/noticia\/wp-json\/wp\/v2\/categories?post=33995"},{"taxonomy":"post_tag","embeddable":true,"href":"https:\/\/www.redenoticia.com.br\/noticia\/wp-json\/wp\/v2\/tags?post=33995"}],"curies":[{"name":"wp","href":"https:\/\/api.w.org\/{rel}","templated":true}]}}