{"id":33875,"date":"2011-03-06T18:18:00","date_gmt":"2011-03-06T22:18:00","guid":{"rendered":"http:\/\/www.redenoticia.com.br\/noticia\/?p=33875"},"modified":"2011-03-07T15:19:49","modified_gmt":"2011-03-07T19:19:49","slug":"meteorologia-%e2%80%93-previsao-do-tempo-para-esta-segunda-feira-0703","status":"publish","type":"post","link":"https:\/\/www.redenoticia.com.br\/noticia\/2011\/meteorologia-%e2%80%93-previsao-do-tempo-para-esta-segunda-feira-0703\/33875","title":{"rendered":"Meteorologia \u2013 previs\u00e3o do tempo para esta segunda-feira 07\/03"},"content":{"rendered":"<p><img loading=\"lazy\" decoding=\"async\" class=\"alignleft size-full wp-image-28410\" title=\"previsao do tempo temperatura\" src=\"https:\/\/www.redenoticia.com.br\/noticia\/imagens\/previsao-do-tempo-temperatura.jpg\" alt=\"\" width=\"300\" height=\"193\" srcset=\"https:\/\/www.redenoticia.com.br\/noticia\/imagens\/previsao-do-tempo-temperatura.jpg 300w, https:\/\/www.redenoticia.com.br\/noticia\/imagens\/previsao-do-tempo-temperatura-250x160.jpg 250w, https:\/\/www.redenoticia.com.br\/noticia\/imagens\/previsao-do-tempo-temperatura-150x96.jpg 150w\" sizes=\"auto, (max-width: 300px) 100vw, 300px\" \/>Previs\u00e3o do tempo\u00a0\u2013 a\u00a0<strong><em>meteorologia<\/em><\/strong> divulgou a <strong><em>previs\u00e3o do tempo<\/em><\/strong> e\u00a0<strong><em>temperatura<\/em><\/strong> para esta segunda-feira (07\/03) e informa que o dia ter\u00e1 muitas nuvens e chuva sobre boa parte do Sudeste do pa\u00eds, principalmente no interior da Regi\u00e3o. Segundo a previs\u00e3o do tempo nesta \u00e1rea chove h\u00e1 dias e a continuidade das chuvas poder\u00e1 causar transtornos \u00e0 popula\u00e7\u00e3o como alagamentos e deslizamento de terra. Dados da previs\u00e3o do tempo indicam que a popula\u00e7\u00e3o destas \u00e1reas deve ficar atenta aos comunicados da Defesa Civil. Chove de forma fraca, por\u00e9m, ao longo do dia no leste do PR, sul de SP e nordeste de SC. Chove forte nos Estados do Centro-Oeste e no Norte do Brasil. A previs\u00e3o do tempo destaca que no MA, no PI, no oeste de PE, norte e centro-oeste da BA, tamb\u00e9m haver\u00e1 muitas nuvens e chuvas fortes. Nestas \u00e1reas, de forma pontual, tamb\u00e9m h\u00e1 risco de acumulado de chuva. Predom\u00ednio de sol em boa parte do RS, oeste de SC e sudoeste do PR. Nas demais localidades do pa\u00eds, pancadas de chuvas isoladas. As temperaturas seguir\u00e3o amenas na Regi\u00e3o Sudeste.<\/p>\n<p>Vale do Para\u00edba \u2013 previs\u00e3o do tempo Na segunda-feira (07\/03), haver\u00e1 muita nebulosidade e per\u00edodo de pequenas aberturas de sol. Persistir\u00e1 a chance de chuva localizada na regi\u00e3o. As temperaturas n\u00e3o sofrer\u00e3o mudan\u00e7as significativas.<\/p>\n<p>Regi\u00e3o Centro-Oeste \u2013 previs\u00e3o do tempo em\u00a007\/03\/2011:\u00a0No oeste de MS: sol entre nebulosidade vari\u00e1vel. No leste de MS: encoberto com chuva isolada. No nordeste de MS e no sudeste de GO: nublado com chuva a qualquer momento e localmente forte. No sudeste de MS: nublado com possibilidade de chuva. Nas demais \u00e1reas da regi\u00e3o: nublado com fortes pancadas de chuva. Temperatura est\u00e1vel. Temperatura m\u00e1xima: 33C no nordeste de MT. Temperatura m\u00ednima: 18C no leste de GO.<\/p>\n<p>Regi\u00e3o Nordeste \u2013 previs\u00e3o do tempo em\u00a007\/03\/2011:\u00a0NO oeste da BA: nublado com fortes pancadas de chuva. No centro-leste da BA, incluindo o Rec\u00f4ncavo Baiano: sol entre nebulosidade vari\u00e1vel e uma pequena chance de pancadas de chuva. Nas demais \u00e1reas da regi\u00e3o: sol entre nebulosidade vari\u00e1vel e com pancadas de chuva localmente forte. Temperatura est\u00e1vel. Temperatura m\u00e1xima: 34C no norte PI. Temperatura m\u00ednima: 17C no sudoeste da BA.<\/p>\n<p>Regi\u00e3o Norte \u2013 previs\u00e3o do tempo em\u00a007\/03\/2011:\u00a0Na maior parte do PA, no AP, norte do TO e no leste do AM: sol com varia\u00e7\u00e3o de nuvens e pancadas de chuva. Em alguns pontos poder\u00e1 chover forte. Nas demais \u00e1reas da regi\u00e3o: nublado com fortes pancadas de chuva a qualquer momento. Temperatura est\u00e1vel. Temperatura m\u00e1xima: 33C no norte do AM. Temperatura m\u00ednima: 18C no noroeste de RR.<\/p>\n<p>Regi\u00e3o Sudeste \u2013 previs\u00e3o do tempo em\u00a007\/03\/2011:\u00a0No sul e norte de SP, em grande parte de MG, no ES e no RJ: nublado com chuva que poder\u00e1 ser forte em alguns per\u00edodos. No norte de MG: varia\u00e7\u00e3o de nuvens e com pancadas de chuva. Nas demais \u00e1reas da regi\u00e3o e no sul de MG: encoberto com chuva isolada. Temperatura amena. Temperatura m\u00e1xima: 30C no nordeste de MG. Temperatura m\u00ednima: 12C no sul de MG.<\/p>\n<p>Regi\u00e3o Sul \u2013 previs\u00e3o do tempo em\u00a007\/03\/2011:\u00a0No leste do PR: muitas nuvens e chuva. No nordeste de SC e do PR: nublado com chuva isolada. No extremo norte do PR: encoberto com chuva isolada. No centro-oeste do PR e no sudeste de SC: possibilidade de chuva a qualquer momento. No sul do PR, centro-oeste de SC e no centro-oeste e norte do RS: predom\u00ednio de sol. Nas demais \u00e1reas da regi\u00e3o: sol com varia\u00e7\u00e3o de nuvens. Temperatura m\u00e1xima em eleva\u00e7\u00e3o no oeste do RS. Temperatura m\u00e1xima: 32C no oeste do RS. Temperatura m\u00ednima: 12C na Serra Geral.<\/p>\n<p>Previs\u00e3o do tempo e temperatura CPTEC<\/p>\n<p>&nbsp;<\/p>\n","protected":false},"excerpt":{"rendered":"<p>Previs\u00e3o do tempo\u00a0\u2013 a\u00a0meteorologia divulgou a previs\u00e3o do tempo e\u00a0temperatura para esta segunda-feira (07\/03) e informa que o dia ter\u00e1 muitas nuvens e chuva sobre boa parte do Sudeste do pa\u00eds, principalmente no interior da Regi\u00e3o. Segundo a previs\u00e3o do tempo nesta \u00e1rea chove h\u00e1 dias e a continuidade das chuvas poder\u00e1 causar transtornos \u00e0 [&hellip;]<\/p>\n","protected":false},"author":3,"featured_media":28410,"comment_status":"open","ping_status":"open","sticky":false,"template":"","format":"standard","meta":{"_genesis_hide_title":false,"_genesis_hide_breadcrumbs":false,"_genesis_hide_singular_image":false,"_genesis_hide_footer_widgets":false,"_genesis_custom_body_class":"","_genesis_custom_post_class":"","_genesis_layout":"","_jetpack_memberships_contains_paid_content":false,"footnotes":""},"categories":[22],"tags":[],"class_list":{"0":"post-33875","1":"post","2":"type-post","3":"status-publish","4":"format-standard","5":"has-post-thumbnail","7":"category-brasil","8":"entry","9":"gs-1","10":"gs-odd","11":"gs-even","12":"gs-featured-content-entry"},"jetpack_featured_media_url":"https:\/\/www.redenoticia.com.br\/noticia\/imagens\/previsao-do-tempo-temperatura.jpg","jetpack_sharing_enabled":true,"jetpack_likes_enabled":true,"_links":{"self":[{"href":"https:\/\/www.redenoticia.com.br\/noticia\/wp-json\/wp\/v2\/posts\/33875","targetHints":{"allow":["GET"]}}],"collection":[{"href":"https:\/\/www.redenoticia.com.br\/noticia\/wp-json\/wp\/v2\/posts"}],"about":[{"href":"https:\/\/www.redenoticia.com.br\/noticia\/wp-json\/wp\/v2\/types\/post"}],"author":[{"embeddable":true,"href":"https:\/\/www.redenoticia.com.br\/noticia\/wp-json\/wp\/v2\/users\/3"}],"replies":[{"embeddable":true,"href":"https:\/\/www.redenoticia.com.br\/noticia\/wp-json\/wp\/v2\/comments?post=33875"}],"version-history":[{"count":0,"href":"https:\/\/www.redenoticia.com.br\/noticia\/wp-json\/wp\/v2\/posts\/33875\/revisions"}],"wp:featuredmedia":[{"embeddable":true,"href":"https:\/\/www.redenoticia.com.br\/noticia\/wp-json\/wp\/v2\/media\/28410"}],"wp:attachment":[{"href":"https:\/\/www.redenoticia.com.br\/noticia\/wp-json\/wp\/v2\/media?parent=33875"}],"wp:term":[{"taxonomy":"category","embeddable":true,"href":"https:\/\/www.redenoticia.com.br\/noticia\/wp-json\/wp\/v2\/categories?post=33875"},{"taxonomy":"post_tag","embeddable":true,"href":"https:\/\/www.redenoticia.com.br\/noticia\/wp-json\/wp\/v2\/tags?post=33875"}],"curies":[{"name":"wp","href":"https:\/\/api.w.org\/{rel}","templated":true}]}}