{"id":33783,"date":"2011-02-28T13:32:53","date_gmt":"2011-02-28T17:32:53","guid":{"rendered":"http:\/\/www.redenoticia.com.br\/noticia\/?p=33783"},"modified":"2011-02-28T13:33:30","modified_gmt":"2011-02-28T17:33:30","slug":"prouni-matricula-ate-sexta-feira","status":"publish","type":"post","link":"https:\/\/www.redenoticia.com.br\/noticia\/2011\/prouni-matricula-ate-sexta-feira\/33783","title":{"rendered":"ProUni &#8211; matr\u00edcula at\u00e9 sexta-feira (04\/03)"},"content":{"rendered":"<div><em><strong>ProUni <\/strong><\/em>&#8211; a consulta ao\u00a0<a href=\"http:\/\/prounialuno.mec.gov.br\/consulta\/resultado2etapa\/forms\/login\/\" target=\"_blank\">resultado<\/a> da primeira chamada da segunda etapa deve ser feita na p\u00e1gina eletr\u00f4nica do\u00a0<a href=\"http:\/\/siteprouni.mec.gov.br\/\" target=\"_blank\">ProUni<\/a>. Os candidatos a bolsas de estudos do Programa  Universidade Para Todos (ProUni) pr\u00e9-selecionados na primeira chamada da segunda  etapa de inscri\u00e7\u00f5es t\u00eam prazo at\u00e9 sexta-feira, 4 de mar\u00e7o, para apresentar os  documentos e fazer a matr\u00edcula na institui\u00e7\u00e3o particular de educa\u00e7\u00e3o superior  pela qual optaram. Caso ainda haja bolsas dispon\u00edveis, ser\u00e1 feita uma segunda  chamada, em 13 de mar\u00e7o.<\/div>\n<div>Ao fim das duas chamadas, os candidatos n\u00e3o  pr\u00e9-selecionados e os pr\u00e9-selecionados para cursos em que n\u00e3o houve forma\u00e7\u00e3o de  turma constar\u00e3o de <a href=\"http:\/\/portal.mec.gov.br\/index.php?option=com_content&amp;view=article&amp;id=16370:candidatos-ficarao-em-lista-de-espera-para-aguardar-chamada&amp;catid=212&amp;Itemid=86\" target=\"_blank\">lista  de espera<\/a>, que estar\u00e1 \u00e0 disposi\u00e7\u00e3o das institui\u00e7\u00f5es de ensino participantes  do ProUni a partir de 21 de mar\u00e7o. A classifica\u00e7\u00e3o do candidato considerar\u00e1 a  primeira op\u00e7\u00e3o de curso \u2014 cada estudante faz tr\u00eas op\u00e7\u00f5es ao se inscrever. Caso  n\u00e3o tenha ocorrido forma\u00e7\u00e3o de turma na primeira, a classifica\u00e7\u00e3o se dar\u00e1 na  seguinte, at\u00e9 a terceira.&nbsp;<\/p>\n<p>A partir da classifica\u00e7\u00e3o na lista de espera,  as institui\u00e7\u00f5es de ensino convocar\u00e3o os estudantes entre 21 e 25 de mar\u00e7o para  aferi\u00e7\u00e3o das informa\u00e7\u00f5es prestadas na inscri\u00e7\u00e3o e matr\u00edcula, conforme o <a href=\"http:\/\/portal.mec.gov.br\/tabela_24_cronograma_prouni.pdf:%20http:\/portal.mec.gov.br\/index.php?option=com_docman&amp;task=doc_download&amp;gid=7590&amp;Itemid=\" target=\"_blank\">cronograma<\/a>.<\/p>\n<p><em>Assessoria de Comunica\u00e7\u00e3o  Social<\/em><\/p>\n<\/div>\n","protected":false},"excerpt":{"rendered":"<p>ProUni &#8211; a consulta ao\u00a0resultado da primeira chamada da segunda etapa deve ser feita na p\u00e1gina eletr\u00f4nica do\u00a0ProUni. Os candidatos a bolsas de estudos do Programa Universidade Para Todos (ProUni) pr\u00e9-selecionados na primeira chamada da segunda etapa de inscri\u00e7\u00f5es t\u00eam prazo at\u00e9 sexta-feira, 4 de mar\u00e7o, para apresentar os documentos e fazer a matr\u00edcula na [&hellip;]<\/p>\n","protected":false},"author":3,"featured_media":0,"comment_status":"open","ping_status":"open","sticky":false,"template":"","format":"standard","meta":{"_genesis_hide_title":false,"_genesis_hide_breadcrumbs":false,"_genesis_hide_singular_image":false,"_genesis_hide_footer_widgets":false,"_genesis_custom_body_class":"","_genesis_custom_post_class":"","_genesis_layout":"","_jetpack_memberships_contains_paid_content":false,"footnotes":""},"categories":[22],"tags":[],"class_list":{"0":"post-33783","1":"post","2":"type-post","3":"status-publish","4":"format-standard","6":"category-brasil","7":"entry","8":"gs-1","9":"gs-odd","10":"gs-even","11":"gs-featured-content-entry"},"jetpack_featured_media_url":"","jetpack_sharing_enabled":true,"jetpack_likes_enabled":true,"_links":{"self":[{"href":"https:\/\/www.redenoticia.com.br\/noticia\/wp-json\/wp\/v2\/posts\/33783","targetHints":{"allow":["GET"]}}],"collection":[{"href":"https:\/\/www.redenoticia.com.br\/noticia\/wp-json\/wp\/v2\/posts"}],"about":[{"href":"https:\/\/www.redenoticia.com.br\/noticia\/wp-json\/wp\/v2\/types\/post"}],"author":[{"embeddable":true,"href":"https:\/\/www.redenoticia.com.br\/noticia\/wp-json\/wp\/v2\/users\/3"}],"replies":[{"embeddable":true,"href":"https:\/\/www.redenoticia.com.br\/noticia\/wp-json\/wp\/v2\/comments?post=33783"}],"version-history":[{"count":0,"href":"https:\/\/www.redenoticia.com.br\/noticia\/wp-json\/wp\/v2\/posts\/33783\/revisions"}],"wp:attachment":[{"href":"https:\/\/www.redenoticia.com.br\/noticia\/wp-json\/wp\/v2\/media?parent=33783"}],"wp:term":[{"taxonomy":"category","embeddable":true,"href":"https:\/\/www.redenoticia.com.br\/noticia\/wp-json\/wp\/v2\/categories?post=33783"},{"taxonomy":"post_tag","embeddable":true,"href":"https:\/\/www.redenoticia.com.br\/noticia\/wp-json\/wp\/v2\/tags?post=33783"}],"curies":[{"name":"wp","href":"https:\/\/api.w.org\/{rel}","templated":true}]}}