{"id":33765,"date":"2011-02-27T17:39:43","date_gmt":"2011-02-27T21:39:43","guid":{"rendered":"http:\/\/www.redenoticia.com.br\/noticia\/?p=33765"},"modified":"2011-02-28T12:33:37","modified_gmt":"2011-02-28T16:33:37","slug":"meteorologia-%e2%80%93-previsao-do-tempo-para-esta-segunda-feira-2802","status":"publish","type":"post","link":"https:\/\/www.redenoticia.com.br\/noticia\/2011\/meteorologia-%e2%80%93-previsao-do-tempo-para-esta-segunda-feira-2802\/33765","title":{"rendered":"Meteorologia \u2013 previs\u00e3o do tempo para esta segunda-feira 28\/02"},"content":{"rendered":"<p><img loading=\"lazy\" decoding=\"async\" class=\"alignleft size-full wp-image-28410\" title=\"previsao do tempo temperatura\" src=\"https:\/\/www.redenoticia.com.br\/noticia\/imagens\/previsao-do-tempo-temperatura.jpg\" alt=\"\" width=\"300\" height=\"193\" srcset=\"https:\/\/www.redenoticia.com.br\/noticia\/imagens\/previsao-do-tempo-temperatura.jpg 300w, https:\/\/www.redenoticia.com.br\/noticia\/imagens\/previsao-do-tempo-temperatura-250x160.jpg 250w, https:\/\/www.redenoticia.com.br\/noticia\/imagens\/previsao-do-tempo-temperatura-150x96.jpg 150w\" sizes=\"auto, (max-width: 300px) 100vw, 300px\" \/>Previs\u00e3o do tempo\u00a0\u2013 a\u00a0<strong><em>meteorologia<\/em><\/strong> divulgou a <strong><em>previs\u00e3o do tempo<\/em><\/strong> e\u00a0<strong><em>temperatura<\/em><\/strong> para esta segunda-feira (28\/02) e informa que o dia ser\u00e1 nublado com per\u00edodos de chuva, que dever\u00e3o acarretar em acumulados significativos no norte, nordeste e leste de SP, centro-sul do RJ e sudeste de MG. Segundo a previs\u00e3o do tempo entre o nordeste de SP, serra e sul do RJ, incluindo a capital a chuva dever\u00e1 ser intensa, podendo causar transtornos \u00e0 popula\u00e7\u00e3o. Dados da previs\u00e3o do tempo indicam que haver\u00e1 pancadas de chuva em grande parte do pa\u00eds, que poder\u00e3o ser localmente fortes. Per\u00edodos de chuva tamb\u00e9m entre o sul de SP e nordeste de SC. A previs\u00e3o do tempo destaca que entre o sudeste de SC e nordeste do RS, incluindo a capital Porto Alegre haver\u00e1 possibilidade de chuva. Entre o sul da BA, norte e leste do ES e centro-norte e leste de RR as pancadas de chuva ser\u00e3o de forma mais fraca e isolada. No leste da Regi\u00e3o Nordeste, exceto o RN, oeste e centro-sul do RS o sol aparecer\u00e1 entre nuvens.<\/p>\n<p>Vale do Para\u00edba \u2013 previs\u00e3o do tempo na segunda-feira (28\/02) come\u00e7a com aumento de nuvens e com chance para chuva em toda a regi\u00e3o. Ressalta-se que poder\u00e3o ocorrer volumes significativos de chuva em alguns pontos da regi\u00e3o. No litoral haver\u00e1 poucas aberturas de sol e as temperaturas estar\u00e3o mais baixas.<\/p>\n<p>Regi\u00e3o Centro-Oeste \u2013 previs\u00e3o do tempo em\u00a028\/02\/2011:\u00a0No leste e sul do MT e norte do MS: muitas nuvens com chuva. Nas demais \u00e1reas da regi\u00e3o: nublado com pancadas de chuva isoladas. Temperaturas est\u00e1veis. Temperatura m\u00e1xima: 30C no oeste de MS. Temperatura m\u00ednima: 18C no leste de GO e no DF.<\/p>\n<p>Regi\u00e3o Nordeste \u2013 previs\u00e3o do tempo em\u00a028\/02\/2011:\u00a0No centro-leste da BA, no SE, AL, leste de PE e PB e sudeste do RN: nebulosidade vari\u00e1vel. No sul da BA: possibilidade de pancadas de chuva. No oeste da BA: pancadas de chuva isoladas. Nas demais \u00e1reas da regi\u00e3o: pancadas de chuva isoladas. Temperaturas est\u00e1veis. Temperatura m\u00e1xima: 34C no leste da BA. Temperatura m\u00ednima: 17C no oeste da BA.<\/p>\n<p>Regi\u00e3o Norte \u2013 previs\u00e3o do tempo em\u00a028\/02\/2011:\u00a0Em RO: muitas nuvens com chuva. No noroeste do AP, norte do PA e leste de RR: nebulosidade vari\u00e1vel No noroeste do PA, sul e noroeste de RR: possibilidade de pancadas de chuva. Nas demais \u00e1reas da regi\u00e3o: nublado com pancadas de chuva isoladas. Temperaturas est\u00e1veis. Temperatura m\u00e1xima: 36C no nordeste de RR. Temperatura m\u00ednima: 16C no noroeste de RR.<\/p>\n<p>Regi\u00e3o Sudeste \u2013 previs\u00e3o do tempo em\u00a028\/02\/2011:\u00a0No nordeste de MG e do ES: possibilidade de pancadas de chuva. Em SP, sul de MG e sul do RJ: muitas nuvens e chuva.No centro-leste e norte de MG e demais \u00e1reas do ES: pancadas de chuva isoladas. Nas demais \u00e1reas da regi\u00e3o: nublado com pancadas de chuva isoladas. Temperaturas est\u00e1veis. Temperatura m\u00e1xima: 30C no norte do ES. Temperatura m\u00ednima: 17C no sul de MG.<\/p>\n<p>Regi\u00e3o Sul \u2013 previs\u00e3o do tempo em\u00a028\/02\/2011:\u00a0No sudoeste do RS: predom\u00ednio de sol. No nordeste do RS e sudeste de SC: possibilidade de chuva. No litoral norte de SC e litoral do PR: dia de chuva. Nas demais \u00e1reas do PR e de SC: nublado com pancadas de chuva isoladas. Nas demais \u00e1reas do RS: sol com nebulosidade vari\u00e1vel. Temperaturas est\u00e1veis. Temperatura m\u00e1xima: 30C no oeste do PR. Temperatura m\u00ednima: 11C nas \u00e1reas de serra do RS e de SC.<\/p>\n<p>Previs\u00e3o do tempo e temperatura CPTEC<\/p>\n<p>&nbsp;<\/p>\n","protected":false},"excerpt":{"rendered":"<p>Previs\u00e3o do tempo\u00a0\u2013 a\u00a0meteorologia divulgou a previs\u00e3o do tempo e\u00a0temperatura para esta segunda-feira (28\/02) e informa que o dia ser\u00e1 nublado com per\u00edodos de chuva, que dever\u00e3o acarretar em acumulados significativos no norte, nordeste e leste de SP, centro-sul do RJ e sudeste de MG. Segundo a previs\u00e3o do tempo entre o nordeste de SP, [&hellip;]<\/p>\n","protected":false},"author":3,"featured_media":28410,"comment_status":"open","ping_status":"open","sticky":false,"template":"","format":"standard","meta":{"_genesis_hide_title":false,"_genesis_hide_breadcrumbs":false,"_genesis_hide_singular_image":false,"_genesis_hide_footer_widgets":false,"_genesis_custom_body_class":"","_genesis_custom_post_class":"","_genesis_layout":"","_jetpack_memberships_contains_paid_content":false,"footnotes":""},"categories":[22],"tags":[],"class_list":{"0":"post-33765","1":"post","2":"type-post","3":"status-publish","4":"format-standard","5":"has-post-thumbnail","7":"category-brasil","8":"entry","9":"gs-1","10":"gs-odd","11":"gs-even","12":"gs-featured-content-entry"},"jetpack_featured_media_url":"https:\/\/www.redenoticia.com.br\/noticia\/imagens\/previsao-do-tempo-temperatura.jpg","jetpack_sharing_enabled":true,"jetpack_likes_enabled":true,"_links":{"self":[{"href":"https:\/\/www.redenoticia.com.br\/noticia\/wp-json\/wp\/v2\/posts\/33765","targetHints":{"allow":["GET"]}}],"collection":[{"href":"https:\/\/www.redenoticia.com.br\/noticia\/wp-json\/wp\/v2\/posts"}],"about":[{"href":"https:\/\/www.redenoticia.com.br\/noticia\/wp-json\/wp\/v2\/types\/post"}],"author":[{"embeddable":true,"href":"https:\/\/www.redenoticia.com.br\/noticia\/wp-json\/wp\/v2\/users\/3"}],"replies":[{"embeddable":true,"href":"https:\/\/www.redenoticia.com.br\/noticia\/wp-json\/wp\/v2\/comments?post=33765"}],"version-history":[{"count":0,"href":"https:\/\/www.redenoticia.com.br\/noticia\/wp-json\/wp\/v2\/posts\/33765\/revisions"}],"wp:featuredmedia":[{"embeddable":true,"href":"https:\/\/www.redenoticia.com.br\/noticia\/wp-json\/wp\/v2\/media\/28410"}],"wp:attachment":[{"href":"https:\/\/www.redenoticia.com.br\/noticia\/wp-json\/wp\/v2\/media?parent=33765"}],"wp:term":[{"taxonomy":"category","embeddable":true,"href":"https:\/\/www.redenoticia.com.br\/noticia\/wp-json\/wp\/v2\/categories?post=33765"},{"taxonomy":"post_tag","embeddable":true,"href":"https:\/\/www.redenoticia.com.br\/noticia\/wp-json\/wp\/v2\/tags?post=33765"}],"curies":[{"name":"wp","href":"https:\/\/api.w.org\/{rel}","templated":true}]}}