{"id":33749,"date":"2011-02-25T13:13:34","date_gmt":"2011-02-25T17:13:34","guid":{"rendered":"http:\/\/www.redenoticia.com.br\/noticia\/?p=33749"},"modified":"2011-02-25T13:13:34","modified_gmt":"2011-02-25T17:13:34","slug":"ufscar-promove-a-calourada-2011","status":"publish","type":"post","link":"https:\/\/www.redenoticia.com.br\/noticia\/2011\/ufscar-promove-a-calourada-2011\/33749","title":{"rendered":"UFSCar promove a Calourada 2011"},"content":{"rendered":"<p>Uma programa\u00e7\u00e3o com atividades diversificadas est\u00e1 definida para a recep\u00e7\u00e3o dos novos alunos dos cursos oferecidos pelo Centro de Ci\u00eancias Agr\u00e1rias (CCA) da Universidade Federal de S\u00e3o Carlos (<strong><em>UFSCar<\/em><\/strong>), localizado no munic\u00edpio de Araras (SP). A <strong><em>Calourada 2011<\/em><\/strong> ser\u00e1 realizada entre os dias 28 de fevereiro e 4 de mar\u00e7o com diversas atividades. Nos campi S\u00e3o Carlos e Sorocaba a UFSCar tamb\u00e9m promover\u00e1 v\u00e1rias a\u00e7\u00f5es para recep\u00e7\u00e3o dos calouros.<\/p>\n<p>Em Araras as atividades t\u00eam inicio com os coordenadores dos cursos de Agroecologia, Biotecnologia, Ci\u00eancias Biol\u00f3gicas, Engenharia Agron\u00f4mica, F\u00edsica e Qu\u00edmica recepcionando os calouros no per\u00edodo da manh\u00e3 de segunda-feira (28\/2). Na programa\u00e7\u00e3o est\u00e3o previstas a realiza\u00e7\u00e3o do &#8220;Trote Solid\u00e1rio&#8221;, em que os calouros e veteranos trabalham na coleta, separa\u00e7\u00e3o e distribui\u00e7\u00e3o de donativos para entidades carentes, a doa\u00e7\u00e3o de sangue, gincana promovida pela Atl\u00e9tica, e oficinas de Grafite, de Circo e de Escalada.<\/p>\n<p>Os calouros do campus Araras tamb\u00e9m podem participar dos Grupos de Discuss\u00e3o sobre temas como &#8220;Assist\u00eancia Estudantil&#8221;, &#8220;G\u00eanero&#8221;, &#8220;Meio Ambiente e Acad\u00eamico&#8221;, al\u00e9m do &#8220;Baile do Bixo&#8221;, programado para quinta-feira (3\/3).<\/p>\n<p>O objetivo das atividades \u00e9 promover a integra\u00e7\u00e3o dos novos alunos com a vida universit\u00e1ria e com os demais estudantes da UFSCar, al\u00e9m de apresentar a estrutura e os espa\u00e7os que a Universidade oferece. A programa\u00e7\u00e3o completa da Calourada 2011 da UFSCar pode ser consultada no site <a href=\"http:\/\/www.calourada.ufscar.br\" target=\"_blank\">www.calourada.ufscar.br<\/a>.<\/p>\n<p>Neste ano, a Pr\u00f3-Reitoria de Gradua\u00e7\u00e3o (ProGrad) da UFSCar tamb\u00e9m promove a campanha &#8220;Trote Violento. T\u00f4 fora!&#8221; com o objetivo de coibir a pr\u00e1tica do trote violento e incentivar as atividades de recep\u00e7\u00e3o aos novos alunos respeitando a integridade e a individualidade dos calouros, al\u00e9m de preveni-los para a\u00e7\u00f5es que podem ser praticadas fora da Institui\u00e7\u00e3o. A UFSCar tamb\u00e9m disponibiliza um canal de comunica\u00e7\u00e3o direto com a ProGrad para envio de den\u00fancias e sugest\u00f5es por meio do e-mail ouvidoriatrote@ufscar.br.<\/p>\n<p>Para mais informa\u00e7\u00f5es, acesse www.calourada.ufscar.br e confira a programa\u00e7\u00e3o completa.<\/p>\n","protected":false},"excerpt":{"rendered":"<p>Uma programa\u00e7\u00e3o com atividades diversificadas est\u00e1 definida para a recep\u00e7\u00e3o dos novos alunos dos cursos oferecidos pelo Centro de Ci\u00eancias Agr\u00e1rias (CCA) da Universidade Federal de S\u00e3o Carlos (UFSCar), localizado no munic\u00edpio de Araras (SP). A Calourada 2011 ser\u00e1 realizada entre os dias 28 de fevereiro e 4 de mar\u00e7o com diversas atividades. Nos campi [&hellip;]<\/p>\n","protected":false},"author":3,"featured_media":0,"comment_status":"open","ping_status":"open","sticky":false,"template":"","format":"standard","meta":{"_genesis_hide_title":false,"_genesis_hide_breadcrumbs":false,"_genesis_hide_singular_image":false,"_genesis_hide_footer_widgets":false,"_genesis_custom_body_class":"","_genesis_custom_post_class":"","_genesis_layout":"","_jetpack_memberships_contains_paid_content":false,"footnotes":""},"categories":[22],"tags":[],"class_list":{"0":"post-33749","1":"post","2":"type-post","3":"status-publish","4":"format-standard","6":"category-brasil","7":"entry","8":"gs-1","9":"gs-odd","10":"gs-even","11":"gs-featured-content-entry"},"jetpack_featured_media_url":"","jetpack_sharing_enabled":true,"jetpack_likes_enabled":true,"_links":{"self":[{"href":"https:\/\/www.redenoticia.com.br\/noticia\/wp-json\/wp\/v2\/posts\/33749","targetHints":{"allow":["GET"]}}],"collection":[{"href":"https:\/\/www.redenoticia.com.br\/noticia\/wp-json\/wp\/v2\/posts"}],"about":[{"href":"https:\/\/www.redenoticia.com.br\/noticia\/wp-json\/wp\/v2\/types\/post"}],"author":[{"embeddable":true,"href":"https:\/\/www.redenoticia.com.br\/noticia\/wp-json\/wp\/v2\/users\/3"}],"replies":[{"embeddable":true,"href":"https:\/\/www.redenoticia.com.br\/noticia\/wp-json\/wp\/v2\/comments?post=33749"}],"version-history":[{"count":0,"href":"https:\/\/www.redenoticia.com.br\/noticia\/wp-json\/wp\/v2\/posts\/33749\/revisions"}],"wp:attachment":[{"href":"https:\/\/www.redenoticia.com.br\/noticia\/wp-json\/wp\/v2\/media?parent=33749"}],"wp:term":[{"taxonomy":"category","embeddable":true,"href":"https:\/\/www.redenoticia.com.br\/noticia\/wp-json\/wp\/v2\/categories?post=33749"},{"taxonomy":"post_tag","embeddable":true,"href":"https:\/\/www.redenoticia.com.br\/noticia\/wp-json\/wp\/v2\/tags?post=33749"}],"curies":[{"name":"wp","href":"https:\/\/api.w.org\/{rel}","templated":true}]}}