{"id":33730,"date":"2011-02-24T17:05:15","date_gmt":"2011-02-24T21:05:15","guid":{"rendered":"http:\/\/www.redenoticia.com.br\/noticia\/?p=33730"},"modified":"2011-02-25T12:36:56","modified_gmt":"2011-02-25T16:36:56","slug":"meteorologia-%e2%80%93-previsao-do-tempo-para-esta-sexta-feira-2502","status":"publish","type":"post","link":"https:\/\/www.redenoticia.com.br\/noticia\/2011\/meteorologia-%e2%80%93-previsao-do-tempo-para-esta-sexta-feira-2502\/33730","title":{"rendered":"Meteorologia \u2013 previs\u00e3o do tempo para esta sexta-feira 25\/02"},"content":{"rendered":"<p><img loading=\"lazy\" decoding=\"async\" class=\"alignleft size-full wp-image-28409\" title=\"previsao do tempo e temperatura\" src=\"https:\/\/www.redenoticia.com.br\/noticia\/imagens\/previsao-do-tempo-e-temperatura.jpg\" alt=\"\" width=\"300\" height=\"193\" srcset=\"https:\/\/www.redenoticia.com.br\/noticia\/imagens\/previsao-do-tempo-e-temperatura.jpg 300w, https:\/\/www.redenoticia.com.br\/noticia\/imagens\/previsao-do-tempo-e-temperatura-250x160.jpg 250w, https:\/\/www.redenoticia.com.br\/noticia\/imagens\/previsao-do-tempo-e-temperatura-150x96.jpg 150w\" sizes=\"auto, (max-width: 300px) 100vw, 300px\" \/>Previs\u00e3o do tempo\u00a0\u2013 a\u00a0<strong><em>meteorologia<\/em><\/strong> divulgou a <strong><em>previs\u00e3o do tempo<\/em><\/strong> e\u00a0<strong><em>temperatura<\/em><\/strong> para esta sexta-feira (24\/02), e informa que um sistema frontal se aproxima do sudoeste do RS, onde o tempo fica nublado e chove a qualquer momento. Segundo a previs\u00e3o do tempo a chuva peri\u00f3dica tamb\u00e9m ocorre sobre o litoral sul de SP. Na faixa litor\u00e2nea entre o nordeste ga\u00facho e o sul paulista h\u00e1 condi\u00e7\u00e3o para vento forte. Dados da previs\u00e3o do tempo indicam que o dia ser\u00e1 de sol e varia\u00e7\u00e3o de nuvens no leste da BA e litoral norte do Estado de SP. A previs\u00e3o do tempo destaca que nas demais \u00e1reas do pa\u00eds nuvens carregadas, t\u00edpicas de ver\u00e3o, provocam pancadas de chuva localizadas e por vezes intensa em praticamente todas as regi\u00f5es do Brasil. Temperatura est\u00e1vel.<\/p>\n<p>Vale do Para\u00edba \u2013 previs\u00e3o do tempo na sexta-feira (25\/02), o sol aparece com varia\u00e7\u00e3o de nebulosidade no Litoral Norte. Na regi\u00e3o do Alto Vale haver\u00e1 pequena possibilidade de pancadas de chuva localizadas a partir da tarde. No Vale Hist\u00f3rico e na Serra da Mantiqueira as chances para pancadas de chuva a partir da tarde ser\u00e3o maiores. As temperaturas estar\u00e3o est\u00e1veis.<\/p>\n<p>Regi\u00e3o Centro-Oeste \u2013 previs\u00e3o do tempo em\u00a025\/02\/2011:\u00a0Em todas as \u00e1reas da regi\u00e3o: muitas nuvens e pancadas de chuva isoladas. Temperatura est\u00e1vel. Temperatura m\u00e1xima: 35C no oeste de MT. Temperatura m\u00ednima: 18C no sul e leste de GO e no DF.<\/p>\n<p>Regi\u00e3o Nordeste \u2013 previs\u00e3o do tempo em\u00a025\/02\/2011:\u00a0No litoral da BA: sol com varia\u00e7\u00e3o de nebulosidade. No SE, em AL, no centro do PE e da PB: sol com nebulosidade vari\u00e1vel e possibilidade e pancadas de chuva. Nas demais \u00e1reas: nebulosidade vari\u00e1vel e pancadas de chuva. Temperatura est\u00e1vel. Temperatura m\u00e1xima: 34C no norte do PI. Temperatura m\u00ednima: 18C no oeste da BA.<\/p>\n<p>Regi\u00e3o Norte \u2013 previs\u00e3o do tempo em 25\/02\/2011:\u00a0No norte de RR: sol entre nuvens e possibilidade de pancadas de chuva. No norte do AM: sol entre nuvens e pancadas de chuva. Nas demais \u00e1reas: sol entre muitas nuvens e pancadas de chuva. Temperatura estar\u00e3o est\u00e1veis. Temperatura m\u00e1xima: 33C no norte do AM. Temperatura m\u00ednima: 16C no noroeste de RR.<\/p>\n<p>Regi\u00e3o Sudeste \u2013 previs\u00e3o do tempo em\u00a025\/02\/2011:\u00a0No litoral do RJ, na capital paulista e no Vale do Para\u00edba: Temperatura est\u00e1vel. No litoral norte de SP: sol com varia\u00e7\u00e3o de nebulosidade. No litoral sul de SP: muitas nuvens e pancadas de chuva. Nas demais \u00e1reas de SP: muitas nuvens e pancadas de chuva no per\u00edodo da tarde. Nas demais \u00e1reas: muitas nuvens e pancadas de chuva. Temperaturas amenas no sul de SP. Temperatura m\u00e1xima: 35C no norte do ES. Temperatura m\u00ednima: 15C no sul de MG.<\/p>\n<p>Regi\u00e3o Sul \u2013 previs\u00e3o do tempo em\u00a025\/02\/2011:\u00a0No sul do RS: aumento de nebulosidade ao longo do dia com pancadas e chuva no per\u00edodo da noite. No centro-leste do RS: aumento de nebulosidade ao longo do dia e pancadas de chuva no per\u00edodo da tarde. No nordeste de SC e litoral do PR: muitas nuvens e chuva. Nas demais \u00e1reas: c\u00e9u nublado com pancadas de chuva, que poder\u00e3o ser intensas em algumas localidades. Temperatura est\u00e1vel. Temperatura m\u00e1xima: 30C no noroeste do PR. Temperatura m\u00ednima: 15C nas \u00e1reas de serra do RS e de SC.<\/p>\n<p>Previs\u00e3o do tempo e temperatura CPTEC<\/p>\n","protected":false},"excerpt":{"rendered":"<p>Previs\u00e3o do tempo\u00a0\u2013 a\u00a0meteorologia divulgou a previs\u00e3o do tempo e\u00a0temperatura para esta sexta-feira (24\/02), e informa que um sistema frontal se aproxima do sudoeste do RS, onde o tempo fica nublado e chove a qualquer momento. Segundo a previs\u00e3o do tempo a chuva peri\u00f3dica tamb\u00e9m ocorre sobre o litoral sul de SP. Na faixa litor\u00e2nea [&hellip;]<\/p>\n","protected":false},"author":3,"featured_media":28409,"comment_status":"open","ping_status":"open","sticky":false,"template":"","format":"standard","meta":{"_genesis_hide_title":false,"_genesis_hide_breadcrumbs":false,"_genesis_hide_singular_image":false,"_genesis_hide_footer_widgets":false,"_genesis_custom_body_class":"","_genesis_custom_post_class":"","_genesis_layout":"","_jetpack_memberships_contains_paid_content":false,"footnotes":""},"categories":[22],"tags":[],"class_list":{"0":"post-33730","1":"post","2":"type-post","3":"status-publish","4":"format-standard","5":"has-post-thumbnail","7":"category-brasil","8":"entry","9":"gs-1","10":"gs-odd","11":"gs-even","12":"gs-featured-content-entry"},"jetpack_featured_media_url":"https:\/\/www.redenoticia.com.br\/noticia\/imagens\/previsao-do-tempo-e-temperatura.jpg","jetpack_sharing_enabled":true,"jetpack_likes_enabled":true,"_links":{"self":[{"href":"https:\/\/www.redenoticia.com.br\/noticia\/wp-json\/wp\/v2\/posts\/33730","targetHints":{"allow":["GET"]}}],"collection":[{"href":"https:\/\/www.redenoticia.com.br\/noticia\/wp-json\/wp\/v2\/posts"}],"about":[{"href":"https:\/\/www.redenoticia.com.br\/noticia\/wp-json\/wp\/v2\/types\/post"}],"author":[{"embeddable":true,"href":"https:\/\/www.redenoticia.com.br\/noticia\/wp-json\/wp\/v2\/users\/3"}],"replies":[{"embeddable":true,"href":"https:\/\/www.redenoticia.com.br\/noticia\/wp-json\/wp\/v2\/comments?post=33730"}],"version-history":[{"count":0,"href":"https:\/\/www.redenoticia.com.br\/noticia\/wp-json\/wp\/v2\/posts\/33730\/revisions"}],"wp:featuredmedia":[{"embeddable":true,"href":"https:\/\/www.redenoticia.com.br\/noticia\/wp-json\/wp\/v2\/media\/28409"}],"wp:attachment":[{"href":"https:\/\/www.redenoticia.com.br\/noticia\/wp-json\/wp\/v2\/media?parent=33730"}],"wp:term":[{"taxonomy":"category","embeddable":true,"href":"https:\/\/www.redenoticia.com.br\/noticia\/wp-json\/wp\/v2\/categories?post=33730"},{"taxonomy":"post_tag","embeddable":true,"href":"https:\/\/www.redenoticia.com.br\/noticia\/wp-json\/wp\/v2\/tags?post=33730"}],"curies":[{"name":"wp","href":"https:\/\/api.w.org\/{rel}","templated":true}]}}