{"id":33725,"date":"2011-02-24T10:59:21","date_gmt":"2011-02-24T14:59:21","guid":{"rendered":"http:\/\/www.redenoticia.com.br\/noticia\/?p=33725"},"modified":"2011-02-24T10:59:21","modified_gmt":"2011-02-24T14:59:21","slug":"marco-sera-mais-seco-no-sul-do-pais","status":"publish","type":"post","link":"https:\/\/www.redenoticia.com.br\/noticia\/2011\/marco-sera-mais-seco-no-sul-do-pais\/33725","title":{"rendered":"Mar\u00e7o ser\u00e1 mais seco no Sul do pa\u00eds"},"content":{"rendered":"<p>A <strong><em>previs\u00e3o para o m\u00eas de mar\u00e7o<\/em><\/strong> \u00e9 que o fen\u00f4meno La Nin\u00e3 tenha uma atua\u00e7\u00e3o comum  as suas caracter\u00edsticas padr\u00f5es, causando a falta de precipita\u00e7\u00f5es, diferente do  que vem acontecendo desde o m\u00eas de dezembro. De acordo com Celso Oliveira,  meteorologista da SOMAR, para o pr\u00f3ximo m\u00eas destaca-se a baixa intensidade de  chuva no Rio Grande do Sul.<\/p>\n<p>A previs\u00e3o da SOMAR Meteorologia ressalta  para duas chuvas, mesmo assim, sem grandes acumulados. Mesmo com um m\u00eas mais  seco que o normal, n\u00e3o h\u00e1 previs\u00e3o de aus\u00eancia total de chuva no Sul. Segundo  Celso, as precipita\u00e7\u00f5es continuar\u00e3o ocorrendo, por\u00e9m, de forma mais isolada e  mais espa\u00e7ada. Este padr\u00e3o dever\u00e1 ser registrado at\u00e9 pelo menos o fim do outono.<\/p>\n<p>Outro destaque da Somar fica por conta da volta das chuvas fortes \u00e0s  Regi\u00f5es Norte e Nordeste, al\u00e9m dos Estados do Esp\u00edrito Santo, Minas Gerais,  Goi\u00e1s, Distrito Federal e Mato Grosso. Diversas localidades, que n\u00e3o registravam  chuva desde janeiro, voltaram a ter precipita\u00e7\u00f5es ontem e a tend\u00eancia \u00e9 de que  estas chuvas prossigam nas pr\u00f3ximas semanas.<\/p>\n<p>Segundo dados da SOMAR, o  La Nin\u00e3 n\u00e3o encerrar sua atua\u00e7\u00e3o durante o inverno, por\u00e9m, perder\u00e1 sua  intensidade. Ainda sim, os meteorologistas da SOMAR refor\u00e7am que \u00e9 preciso  analisar as condi\u00e7\u00f5es do tempo na primavera para saber os reflexos disso no  ver\u00e3o do ano que vem.<\/p>\n","protected":false},"excerpt":{"rendered":"<p>A previs\u00e3o para o m\u00eas de mar\u00e7o \u00e9 que o fen\u00f4meno La Nin\u00e3 tenha uma atua\u00e7\u00e3o comum as suas caracter\u00edsticas padr\u00f5es, causando a falta de precipita\u00e7\u00f5es, diferente do que vem acontecendo desde o m\u00eas de dezembro. De acordo com Celso Oliveira, meteorologista da SOMAR, para o pr\u00f3ximo m\u00eas destaca-se a baixa intensidade de chuva no [&hellip;]<\/p>\n","protected":false},"author":3,"featured_media":0,"comment_status":"open","ping_status":"open","sticky":false,"template":"","format":"standard","meta":{"_genesis_hide_title":false,"_genesis_hide_breadcrumbs":false,"_genesis_hide_singular_image":false,"_genesis_hide_footer_widgets":false,"_genesis_custom_body_class":"","_genesis_custom_post_class":"","_genesis_layout":"","_jetpack_memberships_contains_paid_content":false,"footnotes":""},"categories":[22,327],"tags":[],"class_list":{"0":"post-33725","1":"post","2":"type-post","3":"status-publish","4":"format-standard","6":"category-brasil","7":"category-clima","8":"entry","9":"gs-1","10":"gs-odd","11":"gs-even","12":"gs-featured-content-entry"},"jetpack_featured_media_url":"","jetpack_sharing_enabled":true,"jetpack_likes_enabled":true,"_links":{"self":[{"href":"https:\/\/www.redenoticia.com.br\/noticia\/wp-json\/wp\/v2\/posts\/33725","targetHints":{"allow":["GET"]}}],"collection":[{"href":"https:\/\/www.redenoticia.com.br\/noticia\/wp-json\/wp\/v2\/posts"}],"about":[{"href":"https:\/\/www.redenoticia.com.br\/noticia\/wp-json\/wp\/v2\/types\/post"}],"author":[{"embeddable":true,"href":"https:\/\/www.redenoticia.com.br\/noticia\/wp-json\/wp\/v2\/users\/3"}],"replies":[{"embeddable":true,"href":"https:\/\/www.redenoticia.com.br\/noticia\/wp-json\/wp\/v2\/comments?post=33725"}],"version-history":[{"count":0,"href":"https:\/\/www.redenoticia.com.br\/noticia\/wp-json\/wp\/v2\/posts\/33725\/revisions"}],"wp:attachment":[{"href":"https:\/\/www.redenoticia.com.br\/noticia\/wp-json\/wp\/v2\/media?parent=33725"}],"wp:term":[{"taxonomy":"category","embeddable":true,"href":"https:\/\/www.redenoticia.com.br\/noticia\/wp-json\/wp\/v2\/categories?post=33725"},{"taxonomy":"post_tag","embeddable":true,"href":"https:\/\/www.redenoticia.com.br\/noticia\/wp-json\/wp\/v2\/tags?post=33725"}],"curies":[{"name":"wp","href":"https:\/\/api.w.org\/{rel}","templated":true}]}}