{"id":33691,"date":"2011-02-22T13:25:42","date_gmt":"2011-02-22T17:25:42","guid":{"rendered":"http:\/\/www.redenoticia.com.br\/noticia\/?p=33691"},"modified":"2011-02-22T13:25:42","modified_gmt":"2011-02-22T17:25:42","slug":"inpe-participa-de-expedicao-oceanografica","status":"publish","type":"post","link":"https:\/\/www.redenoticia.com.br\/noticia\/2011\/inpe-participa-de-expedicao-oceanografica\/33691","title":{"rendered":"INPE participa de expedi\u00e7\u00e3o oceanogr\u00e1fica"},"content":{"rendered":"<div>\n<h3><span style=\"font-size: 13px;\"><span style=\"font-weight: normal;\">Ag\u00eancia FAPESP \u2013 O Instituto Nacional de Pesquisas Espaciais (Inpe)  est\u00e1 participando de uma <\/span><em>expedi\u00e7\u00e3o oceanogr\u00e1fica<\/em><span style=\"font-weight: normal;\"> com o objetivo de coletar dados  para estudos sobre a cor do oceano e a exist\u00eancia de aeross\u00f3is que podem influir  no ciclo do carbono e nos ecossistemas marinhos.<\/span><\/span><\/h3>\n<\/div>\n<div>\n<p>O cruzeiro oceanogr\u00e1fico partiu da Cidade do Cabo, na \u00c1frica do Sul, em 20 de  fevereiro, e percorrer\u00e1 o Atl\u00e2ntico Sul at\u00e9 Valpara\u00edso, no Chile, com chegada  prevista para o dia 15 de mar\u00e7o.<\/p>\n<p>O navio R\/V Melville pertence ao Instituto de Oceanografia Scripps, dos  Estados Unidos, e leva tamb\u00e9m pesquisadores da Fran\u00e7a e Argentina, al\u00e9m do  Brasil.<\/p>\n<p>O Inpe est\u00e1 representado na expedi\u00e7\u00e3o pelo pesquisador Milton Kample, que ir\u00e1  coletar dados para o ajuste dos modelos de sensoriamento remoto da cor do  oceano, que s\u00e3o baseados em informa\u00e7\u00f5es de sat\u00e9lites.<\/p>\n<p>\u201cO imageamento por sat\u00e9lite tem indicado a presen\u00e7a de grandes quantidades de  aeross\u00f3is e de carbono org\u00e2nico e inorg\u00e2nico particulado na regi\u00e3o sul do oceano  Atl\u00e2ntico. No entanto, essas concentra\u00e7\u00f5es ainda n\u00e3o foram confirmadas com dados  de campo. Precisamos verificar, por exemplo, se n\u00e3o se trata do efeito causado  pela arrebenta\u00e7\u00e3o das ondas em alto mar\u201d, disse Kmaple.<\/p>\n<p>Tamb\u00e9m ser\u00e3o coletados dados, por meio de medi\u00e7\u00f5es radiom\u00e9tricas e an\u00e1lises  de amostras de \u00e1gua, para o mapeamento por sat\u00e9lite de grupos funcionais  fitoplanct\u00f4nicos, que integram o projeto de pesquisa da doutorando em  sensoriamento remoto pelo Inpe, Nat\u00e1lia de Moraes Rudorff.<\/p>\n<p>Mais informa\u00e7\u00f5es: <strong><a href=\"http:\/\/www.inpe.br\/\" target=\"_blank\">www.inpe.br\/<\/a><\/strong><\/p>\n<\/div>\n","protected":false},"excerpt":{"rendered":"<p>Ag\u00eancia FAPESP \u2013 O Instituto Nacional de Pesquisas Espaciais (Inpe) est\u00e1 participando de uma expedi\u00e7\u00e3o oceanogr\u00e1fica com o objetivo de coletar dados para estudos sobre a cor do oceano e a exist\u00eancia de aeross\u00f3is que podem influir no ciclo do carbono e nos ecossistemas marinhos. O cruzeiro oceanogr\u00e1fico partiu da Cidade do Cabo, na \u00c1frica [&hellip;]<\/p>\n","protected":false},"author":3,"featured_media":0,"comment_status":"open","ping_status":"open","sticky":false,"template":"","format":"standard","meta":{"_genesis_hide_title":false,"_genesis_hide_breadcrumbs":false,"_genesis_hide_singular_image":false,"_genesis_hide_footer_widgets":false,"_genesis_custom_body_class":"","_genesis_custom_post_class":"","_genesis_layout":"","_jetpack_memberships_contains_paid_content":false,"footnotes":""},"categories":[22],"tags":[],"class_list":{"0":"post-33691","1":"post","2":"type-post","3":"status-publish","4":"format-standard","6":"category-brasil","7":"entry","8":"gs-1","9":"gs-odd","10":"gs-even","11":"gs-featured-content-entry"},"jetpack_featured_media_url":"","jetpack_sharing_enabled":true,"jetpack_likes_enabled":true,"_links":{"self":[{"href":"https:\/\/www.redenoticia.com.br\/noticia\/wp-json\/wp\/v2\/posts\/33691","targetHints":{"allow":["GET"]}}],"collection":[{"href":"https:\/\/www.redenoticia.com.br\/noticia\/wp-json\/wp\/v2\/posts"}],"about":[{"href":"https:\/\/www.redenoticia.com.br\/noticia\/wp-json\/wp\/v2\/types\/post"}],"author":[{"embeddable":true,"href":"https:\/\/www.redenoticia.com.br\/noticia\/wp-json\/wp\/v2\/users\/3"}],"replies":[{"embeddable":true,"href":"https:\/\/www.redenoticia.com.br\/noticia\/wp-json\/wp\/v2\/comments?post=33691"}],"version-history":[{"count":0,"href":"https:\/\/www.redenoticia.com.br\/noticia\/wp-json\/wp\/v2\/posts\/33691\/revisions"}],"wp:attachment":[{"href":"https:\/\/www.redenoticia.com.br\/noticia\/wp-json\/wp\/v2\/media?parent=33691"}],"wp:term":[{"taxonomy":"category","embeddable":true,"href":"https:\/\/www.redenoticia.com.br\/noticia\/wp-json\/wp\/v2\/categories?post=33691"},{"taxonomy":"post_tag","embeddable":true,"href":"https:\/\/www.redenoticia.com.br\/noticia\/wp-json\/wp\/v2\/tags?post=33691"}],"curies":[{"name":"wp","href":"https:\/\/api.w.org\/{rel}","templated":true}]}}