{"id":33647,"date":"2011-02-18T15:45:58","date_gmt":"2011-02-18T19:45:58","guid":{"rendered":"http:\/\/www.redenoticia.com.br\/noticia\/?p=33647"},"modified":"2011-02-19T11:33:30","modified_gmt":"2011-02-19T15:33:30","slug":"meteorologia-%e2%80%93-previsao-do-tempo-para-este-sabado-1902","status":"publish","type":"post","link":"https:\/\/www.redenoticia.com.br\/noticia\/2011\/meteorologia-%e2%80%93-previsao-do-tempo-para-este-sabado-1902\/33647","title":{"rendered":"Meteorologia \u2013 previs\u00e3o do tempo para este s\u00e1bado 19\/02"},"content":{"rendered":"<p><img loading=\"lazy\" decoding=\"async\" class=\"alignleft size-full wp-image-28409\" title=\"previsao do tempo e temperatura\" src=\"https:\/\/www.redenoticia.com.br\/noticia\/imagens\/previsao-do-tempo-e-temperatura.jpg\" alt=\"\" width=\"300\" height=\"193\" srcset=\"https:\/\/www.redenoticia.com.br\/noticia\/imagens\/previsao-do-tempo-e-temperatura.jpg 300w, https:\/\/www.redenoticia.com.br\/noticia\/imagens\/previsao-do-tempo-e-temperatura-250x160.jpg 250w, https:\/\/www.redenoticia.com.br\/noticia\/imagens\/previsao-do-tempo-e-temperatura-150x96.jpg 150w\" sizes=\"auto, (max-width: 300px) 100vw, 300px\" \/>Previs\u00e3o do tempo\u00a0\u2013 a\u00a0<strong><em>meteorologia<\/em><\/strong> divulgou a\u00a0<strong><em>previs\u00e3o do tempo<\/em><\/strong> e <strong><em>temperatura<\/em><\/strong> para este s\u00e1bado (19\/02\/11) e informa que no noroeste de MG, no centro-sul do RS, no sul do ES e no RJ o dia ter\u00e1 sol entre poucas nuvens. Segundo a previs\u00e3o do tempo nas demais \u00e1reas do pa\u00eds o dia ter\u00e1 sol entre nuvens e pancadas de chuva. Dados da previs\u00e3o do tempo indicam que podem ocorrer pancadas de chuva intensas no centro-norte do pa\u00eds, Regi\u00e3o centro-oeste, oeste de SP, PR e norte de SC. A previs\u00e3o do tempo destaca que temperaturas est\u00e1veis.<\/p>\n<p>Vale do Para\u00edba \u2013 previs\u00e3o do tempo no s\u00e1bado (19\/02) haver\u00e1 apenas possibilidade de pancadas de chuva no per\u00edodo da tarde. O sol aparecer\u00e1 entre poucas nuvens e as temperaturas estar\u00e3o elevadas.<\/p>\n<p>Regi\u00e3o Centro-Oeste \u2013 previs\u00e3o do tempo em\u00a019\/02\/2011:\u00a0No leste de GO: sol com nebulosidade vari\u00e1vel. No sul de MS: sol com aumento de nebulosidade ao longo do dia e pancadas de chuva no per\u00edodo da tarde. Nas demais \u00e1reas: sol entre nuvens e pancadas de chuva. Temperatura est\u00e1vel. Temperatura m\u00e1xima: 32C no oeste de MS. Temperatura m\u00ednima: 18C no DF.<\/p>\n<p>Regi\u00e3o Nordeste \u2013 previs\u00e3o do tempo em\u00a019\/02\/2011:\u00a0No sul da BA: sol entre poucas nuvens e com possibilidade de pancadas de chuva isolada. No extremo oeste do MA: nublado com fortes pancadas de chuva. No extremo sudoeste da BA: sol e poucas nuvens. Nas demais \u00e1reas da Regi\u00e3o: sol com varia\u00e7\u00e3o de nuvens e pancadas de chuva. No MA e no PI poder\u00e1 ser forte. Temperatura est\u00e1vel. Temperatura m\u00e1xima: 34C no oeste de PE. Temperatura m\u00ednima: 17C no sudoeste da BA.<\/p>\n<p>Regi\u00e3o Norte \u2013 previs\u00e3o do tempo em 19\/02\/2011:\u00a0Em toda a Regi\u00e3o: muitas nuvens e pancadas e chuva. Poder\u00e1 chover forte em algumas localidades. Temperatura est\u00e1vel. Temperatura m\u00e1xima: 34C no nordeste do PA. Temperatura m\u00ednima: 18C no sudeste do TO.<\/p>\n<p>Regi\u00e3o Sudeste \u2013 previs\u00e3o do tempo em\u00a019\/02\/2011:\u00a0Em grande parte do RJ, no sul do ES e no centro-oeste e norte de MG: sol com nebulosidade vari\u00e1vel. No Vale do Para\u00edba em SP, no sul e sudoeste do RJ, no nordeste e leste do ES e no leste de MG: sol com varia\u00e7\u00e3o de nuvens e possibilidade de pancadas de chuva isolada. Nas demais \u00e1reas da Regi\u00e3o: sol entre nebulosidade vari\u00e1vel e pancada de chuva isolada, que ser\u00e1 principalmente \u00e0 tarde no Tri\u00e2ngulo Mineiro e no norte e centro-sudeste de SP, incluindo a capital paulista. Temperatura est\u00e1vel. Temperatura m\u00e1xima: 35C no RJ. Temperatura m\u00ednima: 14C no sul de MG.<\/p>\n<p>Regi\u00e3o Sul \u2013 previs\u00e3o do tempo em\u00a019\/02\/2011:\u00a0Na faixa centro-sudoeste do RS: sol entre varia\u00e7\u00e3o de nuvens. No nordeste do RS: sol entre nebulosidade vari\u00e1vel e com possibilidade de pancadas de chuva \u00e0 tarde. Nas demais \u00e1reas da Regi\u00e3o: sol entre nebulosidade vari\u00e1vel e com pancadas de chuva isolada, que ser\u00e1 principalmente \u00e0 tarde no norte do RS e no oeste do PR e de SC. Temperatura est\u00e1vel. Temperatura m\u00e1xima: 34C no oeste do RS. Temperatura m\u00ednima: 15C nas \u00e1reas de serra.<\/p>\n<p>Previs\u00e3o do tempo e temperatura CPTEC<\/p>\n","protected":false},"excerpt":{"rendered":"<p>Previs\u00e3o do tempo\u00a0\u2013 a\u00a0meteorologia divulgou a\u00a0previs\u00e3o do tempo e temperatura para este s\u00e1bado (19\/02\/11) e informa que no noroeste de MG, no centro-sul do RS, no sul do ES e no RJ o dia ter\u00e1 sol entre poucas nuvens. Segundo a previs\u00e3o do tempo nas demais \u00e1reas do pa\u00eds o dia ter\u00e1 sol entre nuvens [&hellip;]<\/p>\n","protected":false},"author":3,"featured_media":28409,"comment_status":"open","ping_status":"open","sticky":false,"template":"","format":"standard","meta":{"_genesis_hide_title":false,"_genesis_hide_breadcrumbs":false,"_genesis_hide_singular_image":false,"_genesis_hide_footer_widgets":false,"_genesis_custom_body_class":"","_genesis_custom_post_class":"","_genesis_layout":"","_jetpack_memberships_contains_paid_content":false,"footnotes":""},"categories":[22],"tags":[],"class_list":{"0":"post-33647","1":"post","2":"type-post","3":"status-publish","4":"format-standard","5":"has-post-thumbnail","7":"category-brasil","8":"entry","9":"gs-1","10":"gs-odd","11":"gs-even","12":"gs-featured-content-entry"},"jetpack_featured_media_url":"https:\/\/www.redenoticia.com.br\/noticia\/imagens\/previsao-do-tempo-e-temperatura.jpg","jetpack_sharing_enabled":true,"jetpack_likes_enabled":true,"_links":{"self":[{"href":"https:\/\/www.redenoticia.com.br\/noticia\/wp-json\/wp\/v2\/posts\/33647","targetHints":{"allow":["GET"]}}],"collection":[{"href":"https:\/\/www.redenoticia.com.br\/noticia\/wp-json\/wp\/v2\/posts"}],"about":[{"href":"https:\/\/www.redenoticia.com.br\/noticia\/wp-json\/wp\/v2\/types\/post"}],"author":[{"embeddable":true,"href":"https:\/\/www.redenoticia.com.br\/noticia\/wp-json\/wp\/v2\/users\/3"}],"replies":[{"embeddable":true,"href":"https:\/\/www.redenoticia.com.br\/noticia\/wp-json\/wp\/v2\/comments?post=33647"}],"version-history":[{"count":0,"href":"https:\/\/www.redenoticia.com.br\/noticia\/wp-json\/wp\/v2\/posts\/33647\/revisions"}],"wp:featuredmedia":[{"embeddable":true,"href":"https:\/\/www.redenoticia.com.br\/noticia\/wp-json\/wp\/v2\/media\/28409"}],"wp:attachment":[{"href":"https:\/\/www.redenoticia.com.br\/noticia\/wp-json\/wp\/v2\/media?parent=33647"}],"wp:term":[{"taxonomy":"category","embeddable":true,"href":"https:\/\/www.redenoticia.com.br\/noticia\/wp-json\/wp\/v2\/categories?post=33647"},{"taxonomy":"post_tag","embeddable":true,"href":"https:\/\/www.redenoticia.com.br\/noticia\/wp-json\/wp\/v2\/tags?post=33647"}],"curies":[{"name":"wp","href":"https:\/\/api.w.org\/{rel}","templated":true}]}}