{"id":33588,"date":"2011-02-15T10:05:29","date_gmt":"2011-02-15T14:05:29","guid":{"rendered":"http:\/\/www.redenoticia.com.br\/noticia\/?p=33588"},"modified":"2011-02-15T10:05:29","modified_gmt":"2011-02-15T14:05:29","slug":"concurso-sao-goncalo-rj-pela-uff-%e2%80%93-1-982-vagas","status":"publish","type":"post","link":"https:\/\/www.redenoticia.com.br\/noticia\/2011\/concurso-sao-goncalo-rj-pela-uff-%e2%80%93-1-982-vagas\/33588","title":{"rendered":"Concurso S\u00e3o Gon\u00e7alo RJ pela UFF \u2013 1.982 vagas"},"content":{"rendered":"<p><strong><em><img loading=\"lazy\" decoding=\"async\" class=\"alignleft size-full wp-image-28954\" title=\"concurso publico\" src=\"https:\/\/www.redenoticia.com.br\/noticia\/imagens\/concurso-publico.jpg\" alt=\"\" width=\"300\" height=\"193\" srcset=\"https:\/\/www.redenoticia.com.br\/noticia\/imagens\/concurso-publico.jpg 300w, https:\/\/www.redenoticia.com.br\/noticia\/imagens\/concurso-publico-250x160.jpg 250w, https:\/\/www.redenoticia.com.br\/noticia\/imagens\/concurso-publico-150x96.jpg 150w\" sizes=\"auto, (max-width: 300px) 100vw, 300px\" \/>Concurso S\u00e3o Gon\u00e7alo<\/em><\/strong> RJ pela <strong><em>UFF<\/em><\/strong> &#8211; a Prefeitura Municipal de S\u00e3o Gon\u00e7alo-RJ realizar\u00e1 concurso p\u00fablico para provimento de 932 vagas (2\u00ba e 3\u00ba grau), atrav\u00e9s de regime estatut\u00e1rio, por meio da Pr\u00f3-Reitoria de Assuntos Acad\u00eamicos\/ Coordenadoria de Sele\u00e7\u00e3o da Universidade Federal Fluminense &#8211; PROAC\/COSEAC\/UFF, e concurso para sele\u00e7\u00e3o de Agente Comunit\u00e1rio de Sa\u00fade (1\u00ba Grau \u2013 regime CLT) para preencher 1050 vagas com remunera\u00e7\u00e3o at\u00e9 R$ 648,00. As inscri\u00e7\u00f5es para estes concursos ser\u00e3o realizadas at\u00e9 01 de mar\u00e7o e 10 de mar\u00e7o de 2011, respectivamente, no endere\u00e7o eletr\u00f4nico <a href=\"http:\/\/www.concursos.uff.br\" target=\"_blank\">www.concursos.uff.br<\/a>,<\/p>\n<p>As taxas de inscri\u00e7\u00e3o do Concurso S\u00e3o Gon\u00e7alo RJ pela UFF ser\u00e3o de R$ 28,00 para o cargo Agente Comunit\u00e1rio de Sa\u00fade, R$ 50,00 para os cargos de N\u00edvel M\u00e9dio e T\u00e9cnico, e de R$ 55,00 para os cargos de N\u00edvel Superior, devendo ser efetuado at\u00e9 a data do vencimento.<\/p>\n<p>As provas do Concurso S\u00e3o Gon\u00e7alo RJ pela UFF est\u00e3o previstas para 20 de mar\u00e7o de 2011, no turno da manh\u00e3, com fechamento do Port\u00e3o \u00e0s 8h00 para os cargos de N\u00edvel M\u00e9dio e T\u00e9cnico, e no turno da tarde, com fechamento do Port\u00e3o \u00e0s 14h00 para os cargos de N\u00edvel Superior<\/p>\n<p>O candidato Concurso S\u00e3o Gon\u00e7alo RJ pela UFF dever\u00e1 comparecer para a realiza\u00e7\u00e3o da Prova com anteced\u00eancia m\u00ednima de 1 hora do hor\u00e1rio estabelecido para o fechamento do port\u00e3o e portando documento oficial e original de identifica\u00e7\u00e3o. O candidato dever\u00e1, ainda, obrigatoriamente, levar caneta esferogr\u00e1fica de tinta azul ou preta, fabricada em material transparente. N\u00e3o ser\u00e1 permitido o uso de qualquer outro tipo de caneta, nem de apontador, lapiseira ou &#8220;caneta borracha&#8221;.<\/p>\n<p>O prazo de validade do Concurso S\u00e3o Gon\u00e7alo RJ pela UFF \u00e9 de at\u00e9 2 anos, a contar da data da publica\u00e7\u00e3o da homologa\u00e7\u00e3o de seu resultado final, podendo ser prorrogado, uma \u00fanica vez, por igual per\u00edodo.<\/p>\n<p>Concurso S\u00e3o Gon\u00e7alo RJ pela UFF<\/p>\n","protected":false},"excerpt":{"rendered":"<p>Concurso S\u00e3o Gon\u00e7alo RJ pela UFF &#8211; a Prefeitura Municipal de S\u00e3o Gon\u00e7alo-RJ realizar\u00e1 concurso p\u00fablico para provimento de 932 vagas (2\u00ba e 3\u00ba grau), atrav\u00e9s de regime estatut\u00e1rio, por meio da Pr\u00f3-Reitoria de Assuntos Acad\u00eamicos\/ Coordenadoria de Sele\u00e7\u00e3o da Universidade Federal Fluminense &#8211; PROAC\/COSEAC\/UFF, e concurso para sele\u00e7\u00e3o de Agente Comunit\u00e1rio de Sa\u00fade (1\u00ba [&hellip;]<\/p>\n","protected":false},"author":3,"featured_media":28954,"comment_status":"open","ping_status":"open","sticky":false,"template":"","format":"standard","meta":{"_genesis_hide_title":false,"_genesis_hide_breadcrumbs":false,"_genesis_hide_singular_image":false,"_genesis_hide_footer_widgets":false,"_genesis_custom_body_class":"","_genesis_custom_post_class":"","_genesis_layout":"","_jetpack_memberships_contains_paid_content":false,"footnotes":""},"categories":[22,352,370],"tags":[],"class_list":{"0":"post-33588","1":"post","2":"type-post","3":"status-publish","4":"format-standard","5":"has-post-thumbnail","7":"category-brasil","8":"category-concursos","9":"category-inscricao","10":"entry","11":"gs-1","12":"gs-odd","13":"gs-even","14":"gs-featured-content-entry"},"jetpack_featured_media_url":"https:\/\/www.redenoticia.com.br\/noticia\/imagens\/concurso-publico.jpg","jetpack_sharing_enabled":true,"jetpack_likes_enabled":true,"_links":{"self":[{"href":"https:\/\/www.redenoticia.com.br\/noticia\/wp-json\/wp\/v2\/posts\/33588","targetHints":{"allow":["GET"]}}],"collection":[{"href":"https:\/\/www.redenoticia.com.br\/noticia\/wp-json\/wp\/v2\/posts"}],"about":[{"href":"https:\/\/www.redenoticia.com.br\/noticia\/wp-json\/wp\/v2\/types\/post"}],"author":[{"embeddable":true,"href":"https:\/\/www.redenoticia.com.br\/noticia\/wp-json\/wp\/v2\/users\/3"}],"replies":[{"embeddable":true,"href":"https:\/\/www.redenoticia.com.br\/noticia\/wp-json\/wp\/v2\/comments?post=33588"}],"version-history":[{"count":0,"href":"https:\/\/www.redenoticia.com.br\/noticia\/wp-json\/wp\/v2\/posts\/33588\/revisions"}],"wp:featuredmedia":[{"embeddable":true,"href":"https:\/\/www.redenoticia.com.br\/noticia\/wp-json\/wp\/v2\/media\/28954"}],"wp:attachment":[{"href":"https:\/\/www.redenoticia.com.br\/noticia\/wp-json\/wp\/v2\/media?parent=33588"}],"wp:term":[{"taxonomy":"category","embeddable":true,"href":"https:\/\/www.redenoticia.com.br\/noticia\/wp-json\/wp\/v2\/categories?post=33588"},{"taxonomy":"post_tag","embeddable":true,"href":"https:\/\/www.redenoticia.com.br\/noticia\/wp-json\/wp\/v2\/tags?post=33588"}],"curies":[{"name":"wp","href":"https:\/\/api.w.org\/{rel}","templated":true}]}}