{"id":33561,"date":"2011-02-13T16:59:42","date_gmt":"2011-02-13T20:59:42","guid":{"rendered":"http:\/\/www.redenoticia.com.br\/noticia\/?p=33561"},"modified":"2011-02-14T11:55:52","modified_gmt":"2011-02-14T15:55:52","slug":"meteorologia-%e2%80%93-previsao-do-tempo-para-esta-segunda-feira-1402","status":"publish","type":"post","link":"https:\/\/www.redenoticia.com.br\/noticia\/2011\/meteorologia-%e2%80%93-previsao-do-tempo-para-esta-segunda-feira-1402\/33561","title":{"rendered":"Meteorologia \u2013 previs\u00e3o do tempo para esta segunda-feira 14\/02"},"content":{"rendered":"<p><img loading=\"lazy\" decoding=\"async\" class=\"alignleft size-full wp-image-28409\" title=\"previsao do tempo e temperatura\" src=\"https:\/\/www.redenoticia.com.br\/noticia\/imagens\/previsao-do-tempo-e-temperatura.jpg\" alt=\"\" width=\"300\" height=\"193\" srcset=\"https:\/\/www.redenoticia.com.br\/noticia\/imagens\/previsao-do-tempo-e-temperatura.jpg 300w, https:\/\/www.redenoticia.com.br\/noticia\/imagens\/previsao-do-tempo-e-temperatura-250x160.jpg 250w, https:\/\/www.redenoticia.com.br\/noticia\/imagens\/previsao-do-tempo-e-temperatura-150x96.jpg 150w\" sizes=\"auto, (max-width: 300px) 100vw, 300px\" \/><\/p>\n<p>Previs\u00e3o do tempo\u00a0\u2013 a\u00a0<strong><em>meteorologia<\/em><\/strong> divulgou a <strong><em>previs\u00e3o do tempo<\/em><\/strong> e\u00a0<strong><em>temperatura<\/em><\/strong> para esta segunda-feira (14\/02) e informa que a Zona de Converg\u00eancia do Atl\u00e2ntico Sul manter\u00e1 o dia com bastante nebulosidade e pancadas de chuva na faixa que vai do PR at\u00e9 a Regi\u00e3o Norte do pa\u00eds. Segundo a previs\u00e3o do tempo em algumas localidades poder\u00e1 chover forte (vide aviso meteorol\u00f3gico). No norte do PA, do MA, do PI, do CE, no RN e leste de PE e da PB haver\u00e1 varia\u00e7\u00e3o de nebulosidade e pancadas de chuva \u00e0 tarde. Dados da previs\u00e3o do tempo indicam que o calor e alta umidade do ar favorecer\u00e1 a ocorr\u00eancia de pancadas de chuva tamb\u00e9m no per\u00edodo da tarde no nordeste e leste de SP, sul e \u00e1reas serranas do RJ. A previs\u00e3o do tempo destaca que o tempo ficar\u00e1 inst\u00e1vel com chuva a qualquer hora e curtos per\u00edodos de sol na faixa leste da BA. O sol predominar\u00e1 no RS, no oeste de SC, do PR, em grande parte do RJ e do ES. As temperaturas permanecer\u00e3o est\u00e1veis.<\/p>\n<p>Vale do Para\u00edba \u2013 previs\u00e3o do tempo na segunda-feira (14\/02) o calor continuar\u00e1 em toda a regi\u00e3o, mas a nebulosidade estar\u00e1 vari\u00e1vel com pancadas de chuva. No litoral norte haver\u00e1 sol e poucas nuvens com pequena possibilidade de pancadas r\u00e1pidas de chuva a partir da tarde.<\/p>\n<p>Regi\u00e3o Centro-Oeste \u2013 previs\u00e3o do tempo em\u00a014\/02\/2011:\u00a0Em todas as \u00e1reas da Regi\u00e3o: sol com nebulosidade vari\u00e1vel e pancadas de chuva isoladas. Poder\u00e1 chover forte em algumas localidades. Temperaturas est\u00e1veis. Temperatura m\u00e1xima: 30C no nordeste de MT. Temperatura m\u00ednima: 19C no DF.<\/p>\n<p>Regi\u00e3o Nordeste \u2013 previs\u00e3o do tempo em\u00a014\/02\/2011:\u00a0No sul da BA: sol com varia\u00e7\u00e3o de nebulosidade. No leste da BA: tempo inst\u00e1vel com nebulosidade vari\u00e1vel e chuva a qualquer hora. Nas demais \u00e1reas: sol entre nuvens e pancadas de chuva. Temperaturas est\u00e1veis. Temperatura m\u00e1xima: 36C no oeste de AL. Temperatura m\u00ednima: 18C no oeste da BA.<\/p>\n<p>Regi\u00e3o Norte \u2013 previs\u00e3o do tempo em\u00a014\/02\/2011:\u00a0Em toda a Regi\u00e3o: sol com nebulosidade vari\u00e1vel e pancadas de chuva. Temperaturas est\u00e1veis. Poder\u00e1 chover forte em algumas localidades. Temperatura m\u00e1xima: 35C no nordeste de RR. Temperatura m\u00ednima: 15C no noroeste de RR.<\/p>\n<p>Regi\u00e3o Sudeste \u2013 previs\u00e3o do tempo em\u00a014\/02\/2011:\u00a0No leste de MG, no ES, no RJ e litoral norte de SP: sol entre poucas nuvens. No centro-norte de MG: predom\u00ednio de sol Nas demais \u00e1reas: sol entre nuvens e pancadas de chuva. Temperaturas est\u00e1veis. Temperatura m\u00e1xima: 33C no norte do RJ. Temperatura m\u00ednima: 15C no sul de MG.<\/p>\n<p>Regi\u00e3o Sul \u2013 previs\u00e3o do tempo em\u00a014\/02\/2011:\u00a0No sudoeste do PR, no oeste de SC e no RS: sol entre poucas nuvens. Nas demais \u00e1reas: muitas nuvens e pancadas de chuva que poder\u00e3o ser mais intensas no centro-norte do PR. Temperaturas est\u00e1veis. Temperatura m\u00e1xima: 28C no leste do PR. Temperatura m\u00ednima: 15C no sul do RS.<\/p>\n<p>Previs\u00e3o do tempo e temperatura CPTEC<\/p>\n","protected":false},"excerpt":{"rendered":"<p>Previs\u00e3o do tempo\u00a0\u2013 a\u00a0meteorologia divulgou a previs\u00e3o do tempo e\u00a0temperatura para esta segunda-feira (14\/02) e informa que a Zona de Converg\u00eancia do Atl\u00e2ntico Sul manter\u00e1 o dia com bastante nebulosidade e pancadas de chuva na faixa que vai do PR at\u00e9 a Regi\u00e3o Norte do pa\u00eds. Segundo a previs\u00e3o do tempo em algumas localidades poder\u00e1 [&hellip;]<\/p>\n","protected":false},"author":3,"featured_media":28409,"comment_status":"open","ping_status":"open","sticky":false,"template":"","format":"standard","meta":{"_genesis_hide_title":false,"_genesis_hide_breadcrumbs":false,"_genesis_hide_singular_image":false,"_genesis_hide_footer_widgets":false,"_genesis_custom_body_class":"","_genesis_custom_post_class":"","_genesis_layout":"","_jetpack_memberships_contains_paid_content":false,"footnotes":""},"categories":[22],"tags":[],"class_list":{"0":"post-33561","1":"post","2":"type-post","3":"status-publish","4":"format-standard","5":"has-post-thumbnail","7":"category-brasil","8":"entry","9":"gs-1","10":"gs-odd","11":"gs-even","12":"gs-featured-content-entry"},"jetpack_featured_media_url":"https:\/\/www.redenoticia.com.br\/noticia\/imagens\/previsao-do-tempo-e-temperatura.jpg","jetpack_sharing_enabled":true,"jetpack_likes_enabled":true,"_links":{"self":[{"href":"https:\/\/www.redenoticia.com.br\/noticia\/wp-json\/wp\/v2\/posts\/33561","targetHints":{"allow":["GET"]}}],"collection":[{"href":"https:\/\/www.redenoticia.com.br\/noticia\/wp-json\/wp\/v2\/posts"}],"about":[{"href":"https:\/\/www.redenoticia.com.br\/noticia\/wp-json\/wp\/v2\/types\/post"}],"author":[{"embeddable":true,"href":"https:\/\/www.redenoticia.com.br\/noticia\/wp-json\/wp\/v2\/users\/3"}],"replies":[{"embeddable":true,"href":"https:\/\/www.redenoticia.com.br\/noticia\/wp-json\/wp\/v2\/comments?post=33561"}],"version-history":[{"count":0,"href":"https:\/\/www.redenoticia.com.br\/noticia\/wp-json\/wp\/v2\/posts\/33561\/revisions"}],"wp:featuredmedia":[{"embeddable":true,"href":"https:\/\/www.redenoticia.com.br\/noticia\/wp-json\/wp\/v2\/media\/28409"}],"wp:attachment":[{"href":"https:\/\/www.redenoticia.com.br\/noticia\/wp-json\/wp\/v2\/media?parent=33561"}],"wp:term":[{"taxonomy":"category","embeddable":true,"href":"https:\/\/www.redenoticia.com.br\/noticia\/wp-json\/wp\/v2\/categories?post=33561"},{"taxonomy":"post_tag","embeddable":true,"href":"https:\/\/www.redenoticia.com.br\/noticia\/wp-json\/wp\/v2\/tags?post=33561"}],"curies":[{"name":"wp","href":"https:\/\/api.w.org\/{rel}","templated":true}]}}