{"id":33542,"date":"2011-02-11T12:47:42","date_gmt":"2011-02-11T16:47:42","guid":{"rendered":"http:\/\/www.redenoticia.com.br\/noticia\/?p=33542"},"modified":"2011-02-11T12:51:13","modified_gmt":"2011-02-11T16:51:13","slug":"webserie-para-lancamento-do-chevrolet-camaro-no-brasil","status":"publish","type":"post","link":"https:\/\/www.redenoticia.com.br\/noticia\/2011\/webserie-para-lancamento-do-chevrolet-camaro-no-brasil\/33542","title":{"rendered":"Webserie para lan\u00e7amento do Chevrolet Camaro no Brasil"},"content":{"rendered":"<p><strong><em><img loading=\"lazy\" decoding=\"async\" class=\"alignleft size-full wp-image-32503\" title=\"chevrolet camaro\" src=\"https:\/\/www.redenoticia.com.br\/noticia\/imagens\/chevrolet-camaro.jpg\" alt=\"\" width=\"301\" height=\"194\" srcset=\"https:\/\/www.redenoticia.com.br\/noticia\/imagens\/chevrolet-camaro.jpg 301w, https:\/\/www.redenoticia.com.br\/noticia\/imagens\/chevrolet-camaro-250x161.jpg 250w, https:\/\/www.redenoticia.com.br\/noticia\/imagens\/chevrolet-camaro-150x96.jpg 150w\" sizes=\"auto, (max-width: 301px) 100vw, 301px\" \/>Chevrolet Camaro<\/em><\/strong> &#8211; estreia em 11 de fevereiro o primeiro epis\u00f3dio da  sequ\u00eancia de filmes criada para o <strong><em>lan\u00e7amento<\/em><\/strong> do Chevrolet Camaro no Brasil.  Depois do sucesso do filme &#8220;N\u00e3o encoste no meu Camaro&#8221; e da campanha comercial  &#8220;No sil\u00eancio de um Chevrolet&#8221;, a Chevrolet coloca no ar tr\u00eas novos epis\u00f3dios que  retratam a paix\u00e3o dos f\u00e3s de Camaro ou &#8220;camareros&#8221;, como s\u00e3o mais conhecidos,  bem como a satisfa\u00e7\u00e3o dos profissionais da GM que acompanharam a chegada do  modelo no mercado nacional.<\/p>\n<p>Produzido pela ag\u00eancia AG2 Publicis em parceria com a Zeppelin Filmes, o  primeiro epis\u00f3dio conta a hist\u00f3ria de &#8220;camareros&#8221;, que falam de sua paix\u00e3o pelo  carro e de suas qualidades, al\u00e9m de trazer a hist\u00f3ria das cinco gera\u00e7\u00f5es do  esportivo.<\/p>\n<p>Previsto para ir ao ar no dia 15 de fevereiro, o segundo epis\u00f3dio da  webserie trar\u00e1 depoimentos de profissionais das \u00e1reas de Design e Engenharia da  GM, que contam como foi a experi\u00eancia de trazer o modelo para o Brasil. Eles  apresentam as principais detalhes do carro e destacam as tecnologias que fazem  do muscle car um \u00edcone no mundo.<\/p>\n<p>J\u00e1 o \u00faltimo epis\u00f3dio, que ser\u00e1 lan\u00e7ado no dia 22 de fevereiro, ir\u00e1  mostrar os bastidores de um test-drive muito especial realizado com um grupo de  &#8220;camareros&#8221;. Os f\u00e3s do Camaro conheceram o modelo 2011 e tiveram a oportunidade  de dirigir o carro e fazer coment\u00e1rios sobre o ve\u00edculo.<br \/>\nTodos os v\u00eddeos estar\u00e3o dispon\u00edveis no hotsite do Camaro:  <a href=\"http:\/\/www.chevroletcamaro.com.br\" target=\"_blank\">www.chevroletcamaro.com.br<\/a><\/p>\n<p>De acordo com Cristina Ponte, Gerente de Marketing  Digital da General Motors Brasil, &#8220;a gera\u00e7\u00e3o de conte\u00fado sobre o Camaro est\u00e1 em  linha com a expectativa dos f\u00e3s da marca, que buscam saber mais sobre o carro  das mais diferentes formas. J\u00e1 experimentamos a for\u00e7a deste tipo de a\u00e7\u00e3o com o  filme &#8220;N\u00e3o Encoste no meu Camaro&#8221;, produzido para o lan\u00e7amento do carro na  internet, e a web serie vem para incrementar a campanha e o engajamento dos  clientes com a marca &#8220;, explica.<\/p>\n<p>Sobre o Camaro<br \/>\nO muscle car da Chevrolet  \u00e9 importado na vers\u00e3o SS, a mais completa da linha em cinco diferentes op\u00e7\u00f5es de  cores: amarela, branca, prata, preta e vermelha. Vem equipado com o potente  motor V8, de 406 cv e um c\u00e2mbio \u00e9 o sequencial\/autom\u00e1tico de seis marchas, com  op\u00e7\u00e3o de troca por meio de bot\u00f5es no volante.<\/p>\n<p>Seu interior mescla acabamento  diferenciado, ar retr\u00f4 \u2013 por meio de seus mostradores em profundiadde e com  moldura quadrada &#8211; e muita tecnologia. Entre outros itens ele oferece o HUD  (Head-Up Display) que projeta imagens no p\u00e1ra-brisa para deixar a condu\u00e7\u00e3o ainda  mais esportiva.<\/p>\n<p>O esportivo chega por R$ 185.000 e a Chevrolet ainda oferece pacote de  acess\u00f3rios para personaliza\u00e7\u00e3o do esportivo, para que cada Camaro seja \u00fanico.  Desde o seu lan\u00e7amento no Sal\u00e3o do Autom\u00f3vel de 2010, a Chevrolet contabilizou a  venda de mais de 400 unidades. Um n\u00famero muito acima da expectativa inicial, que  era de 50 unidades\/m\u00eas<\/p>\n<p>Ficha T\u00e9cnica:<\/p>\n<p>Aprova\u00e7\u00e3o do cliente: Gustavo Colossi, Cristina Ponte e Izabel  Sasso<br \/>\nDire\u00e7\u00e3o de Cria\u00e7\u00e3o: Octavio Maron<br \/>\nDire\u00e7\u00e3o de Arte: Marcelo  Fiuza<br \/>\nReda\u00e7\u00e3o: Fidel Lombardi<br \/>\nProdu\u00e7\u00e3o: Carlos Todero<br \/>\nDiretora de  Atendimento: Rachel Casmala e Ana Denaro<br \/>\nGerente de projetos: Glaura  Goncalves<\/p>\n","protected":false},"excerpt":{"rendered":"<p>Chevrolet Camaro &#8211; estreia em 11 de fevereiro o primeiro epis\u00f3dio da sequ\u00eancia de filmes criada para o lan\u00e7amento do Chevrolet Camaro no Brasil. Depois do sucesso do filme &#8220;N\u00e3o encoste no meu Camaro&#8221; e da campanha comercial &#8220;No sil\u00eancio de um Chevrolet&#8221;, a Chevrolet coloca no ar tr\u00eas novos epis\u00f3dios que retratam a paix\u00e3o [&hellip;]<\/p>\n","protected":false},"author":3,"featured_media":32503,"comment_status":"open","ping_status":"open","sticky":false,"template":"","format":"standard","meta":{"_genesis_hide_title":false,"_genesis_hide_breadcrumbs":false,"_genesis_hide_singular_image":false,"_genesis_hide_footer_widgets":false,"_genesis_custom_body_class":"","_genesis_custom_post_class":"","_genesis_layout":"","_jetpack_memberships_contains_paid_content":false,"footnotes":""},"categories":[22,7],"tags":[],"class_list":{"0":"post-33542","1":"post","2":"type-post","3":"status-publish","4":"format-standard","5":"has-post-thumbnail","7":"category-brasil","8":"category-economia","9":"entry","10":"gs-1","11":"gs-odd","12":"gs-even","13":"gs-featured-content-entry"},"jetpack_featured_media_url":"https:\/\/www.redenoticia.com.br\/noticia\/imagens\/chevrolet-camaro.jpg","jetpack_sharing_enabled":true,"jetpack_likes_enabled":true,"_links":{"self":[{"href":"https:\/\/www.redenoticia.com.br\/noticia\/wp-json\/wp\/v2\/posts\/33542","targetHints":{"allow":["GET"]}}],"collection":[{"href":"https:\/\/www.redenoticia.com.br\/noticia\/wp-json\/wp\/v2\/posts"}],"about":[{"href":"https:\/\/www.redenoticia.com.br\/noticia\/wp-json\/wp\/v2\/types\/post"}],"author":[{"embeddable":true,"href":"https:\/\/www.redenoticia.com.br\/noticia\/wp-json\/wp\/v2\/users\/3"}],"replies":[{"embeddable":true,"href":"https:\/\/www.redenoticia.com.br\/noticia\/wp-json\/wp\/v2\/comments?post=33542"}],"version-history":[{"count":0,"href":"https:\/\/www.redenoticia.com.br\/noticia\/wp-json\/wp\/v2\/posts\/33542\/revisions"}],"wp:featuredmedia":[{"embeddable":true,"href":"https:\/\/www.redenoticia.com.br\/noticia\/wp-json\/wp\/v2\/media\/32503"}],"wp:attachment":[{"href":"https:\/\/www.redenoticia.com.br\/noticia\/wp-json\/wp\/v2\/media?parent=33542"}],"wp:term":[{"taxonomy":"category","embeddable":true,"href":"https:\/\/www.redenoticia.com.br\/noticia\/wp-json\/wp\/v2\/categories?post=33542"},{"taxonomy":"post_tag","embeddable":true,"href":"https:\/\/www.redenoticia.com.br\/noticia\/wp-json\/wp\/v2\/tags?post=33542"}],"curies":[{"name":"wp","href":"https:\/\/api.w.org\/{rel}","templated":true}]}}