{"id":33531,"date":"2011-02-10T13:05:52","date_gmt":"2011-02-10T17:05:52","guid":{"rendered":"http:\/\/www.redenoticia.com.br\/noticia\/?p=33531"},"modified":"2011-02-10T13:05:52","modified_gmt":"2011-02-10T17:05:52","slug":"mestrado-a-distancia-para-professor-da-rede-publica","status":"publish","type":"post","link":"https:\/\/www.redenoticia.com.br\/noticia\/2011\/mestrado-a-distancia-para-professor-da-rede-publica\/33531","title":{"rendered":"Mestrado a dist\u00e2ncia para professor da rede p\u00fablica"},"content":{"rendered":"<p>O exame nacional de acesso ao programa de Mestrado Profissional em Matem\u00e1tica em  Rede Nacional (Profmat) selecionar\u00e1 candidatos para 1152 vagas. A prova consiste  de 35 quest\u00f5es de m\u00faltipla escolha e tr\u00eas discursivas e est\u00e1 marcada para dia  19 de fevereiro, das 13 \u00e0s 17 horas. O <strong><em>mestrado profissional<\/em><\/strong> \u00e9  oferecido prioritariamente para <strong><em>professores das redes p\u00fablicas<\/em><\/strong> de educa\u00e7\u00e3o  b\u00e1sica da \u00e1rea de matem\u00e1tica.<\/p>\n<p>O Profmat \u00e9 o primeiro mestrado  profissional a dist\u00e2ncia dentro do sistema Universidade Aberta do Brasil (UAB) e  ser\u00e1 realizado por uma rede de 54 institui\u00e7\u00f5es de ensino superior em todas as  regi\u00f5es do pa\u00eds. O programa ser\u00e1 coordenado pela Sociedade Brasileira de  Matem\u00e1tica (SBM), com apoio da Coordena\u00e7\u00e3o de Aperfei\u00e7oamento de Pessoal de  N\u00edvel Superior (Capes), que fornecer\u00e1 uma bolsa de estudos aos  mestrandos.<\/p>\n<p>O curso \u00e9 composto de per\u00edodos semipresenciais, nos quais as  disciplinas t\u00eam dura\u00e7\u00e3o de 12 semanas. As atividades presenciais de cada  disciplina semipresencial ocorrem todas as semanas, em todos os polos de  atendimento designados pelas institui\u00e7\u00f5es associadas. Tais atividades t\u00eam  dura\u00e7\u00e3o de tr\u00eas horas por semana, na sexta-feira, s\u00e1bado ou domingo.<\/p>\n<p>As  atividades a dist\u00e2ncia podem ser realizadas pelo discente nos polos de  atendimento ou na sua pr\u00f3pria resid\u00eancia, com o apoio das institui\u00e7\u00f5es e de  material did\u00e1tico elaborado e distribu\u00eddo gratuitamente, e s\u00e3o fundamentais para  o bom desempenho do discente na disciplina. A dura\u00e7\u00e3o estimada \u00e9 de quatro a  seis horas por semana para cada disciplina.<\/p>\n<p>Em janeiro e fevereiro as  atividades ser\u00e3o ministradas apenas em regime presencial, nos polos das  institui\u00e7\u00f5es associadas participantes do Profmat. O calend\u00e1rio ser\u00e1 definido  pelas institui\u00e7\u00f5es associadas, para adapta\u00e7\u00e3o ao per\u00edodo de f\u00e9rias escolares em  sua regi\u00e3o. Devem durar quatro semanas e para cada disciplina haver\u00e1 uma aula  por dia, em todos os dias \u00fateis, com tr\u00eas horas de dura\u00e7\u00e3o.<\/p>\n<p>O mestrado  profissional enfatiza estudos e t\u00e9cnicas diretamente voltadas para uma  qualifica\u00e7\u00e3o profissional de alto n\u00edvel, mas garante as mesmas prerrogativas do  mestrado acad\u00eamico. Pretende promover a forma\u00e7\u00e3o continuada de professores das  redes p\u00fablicas de educa\u00e7\u00e3o, no n\u00edvel de p\u00f3s-gradua\u00e7\u00e3o, com uso de tecnologias de  educa\u00e7\u00e3o a dist\u00e2ncia, e est\u00e1 em conson\u00e2ncia com o Plano Nacional de Educa\u00e7\u00e3o  para o dec\u00eanio 2011-2020.<br \/>\n<em><br \/>\n<\/em>Acesse outras informa\u00e7\u00f5es sobre o  Profmat na <a href=\"http:\/\/www.profmat-sbm.org.br\/\" target=\"_blank\">p\u00e1gina<\/a> da  Sociedade Brasileira de Matem\u00e1tica.<\/p>\n<p><a href=\"http:\/\/portal.mec.gov.br\/index.php?option=com_docman&amp;task=doc_download&amp;gid=7545&amp;Itemid=\" target=\"_blank\">Conhe\u00e7a<\/a> as institui\u00e7\u00f5es associadas ao Profmat.<\/p>\n<p><em>Diego Rocha<\/em><\/p>\n","protected":false},"excerpt":{"rendered":"<p>O exame nacional de acesso ao programa de Mestrado Profissional em Matem\u00e1tica em Rede Nacional (Profmat) selecionar\u00e1 candidatos para 1152 vagas. A prova consiste de 35 quest\u00f5es de m\u00faltipla escolha e tr\u00eas discursivas e est\u00e1 marcada para dia 19 de fevereiro, das 13 \u00e0s 17 horas. O mestrado profissional \u00e9 oferecido prioritariamente para professores das [&hellip;]<\/p>\n","protected":false},"author":3,"featured_media":0,"comment_status":"open","ping_status":"open","sticky":false,"template":"","format":"standard","meta":{"_genesis_hide_title":false,"_genesis_hide_breadcrumbs":false,"_genesis_hide_singular_image":false,"_genesis_hide_footer_widgets":false,"_genesis_custom_body_class":"","_genesis_custom_post_class":"","_genesis_layout":"","_jetpack_memberships_contains_paid_content":false,"footnotes":""},"categories":[22,351,370],"tags":[],"class_list":{"0":"post-33531","1":"post","2":"type-post","3":"status-publish","4":"format-standard","6":"category-brasil","7":"category-cursos","8":"category-inscricao","9":"entry","10":"gs-1","11":"gs-odd","12":"gs-even","13":"gs-featured-content-entry"},"jetpack_featured_media_url":"","jetpack_sharing_enabled":true,"jetpack_likes_enabled":true,"_links":{"self":[{"href":"https:\/\/www.redenoticia.com.br\/noticia\/wp-json\/wp\/v2\/posts\/33531","targetHints":{"allow":["GET"]}}],"collection":[{"href":"https:\/\/www.redenoticia.com.br\/noticia\/wp-json\/wp\/v2\/posts"}],"about":[{"href":"https:\/\/www.redenoticia.com.br\/noticia\/wp-json\/wp\/v2\/types\/post"}],"author":[{"embeddable":true,"href":"https:\/\/www.redenoticia.com.br\/noticia\/wp-json\/wp\/v2\/users\/3"}],"replies":[{"embeddable":true,"href":"https:\/\/www.redenoticia.com.br\/noticia\/wp-json\/wp\/v2\/comments?post=33531"}],"version-history":[{"count":0,"href":"https:\/\/www.redenoticia.com.br\/noticia\/wp-json\/wp\/v2\/posts\/33531\/revisions"}],"wp:attachment":[{"href":"https:\/\/www.redenoticia.com.br\/noticia\/wp-json\/wp\/v2\/media?parent=33531"}],"wp:term":[{"taxonomy":"category","embeddable":true,"href":"https:\/\/www.redenoticia.com.br\/noticia\/wp-json\/wp\/v2\/categories?post=33531"},{"taxonomy":"post_tag","embeddable":true,"href":"https:\/\/www.redenoticia.com.br\/noticia\/wp-json\/wp\/v2\/tags?post=33531"}],"curies":[{"name":"wp","href":"https:\/\/api.w.org\/{rel}","templated":true}]}}