{"id":33524,"date":"2011-02-10T16:35:44","date_gmt":"2011-02-10T20:35:44","guid":{"rendered":"http:\/\/www.redenoticia.com.br\/noticia\/?p=33524"},"modified":"2011-02-11T11:35:55","modified_gmt":"2011-02-11T15:35:55","slug":"meteorologia-%e2%80%93-previsao-do-tempo-para-esta-sexta-feira-1102","status":"publish","type":"post","link":"https:\/\/www.redenoticia.com.br\/noticia\/2011\/meteorologia-%e2%80%93-previsao-do-tempo-para-esta-sexta-feira-1102\/33524","title":{"rendered":"Meteorologia \u2013 previs\u00e3o do tempo para esta sexta-feira 11\/02"},"content":{"rendered":"<p><img loading=\"lazy\" decoding=\"async\" class=\"alignleft size-full wp-image-28409\" title=\"previsao do tempo e temperatura\" src=\"https:\/\/www.redenoticia.com.br\/noticia\/imagens\/previsao-do-tempo-e-temperatura.jpg\" alt=\"\" width=\"300\" height=\"193\" srcset=\"https:\/\/www.redenoticia.com.br\/noticia\/imagens\/previsao-do-tempo-e-temperatura.jpg 300w, https:\/\/www.redenoticia.com.br\/noticia\/imagens\/previsao-do-tempo-e-temperatura-250x160.jpg 250w, https:\/\/www.redenoticia.com.br\/noticia\/imagens\/previsao-do-tempo-e-temperatura-150x96.jpg 150w\" sizes=\"auto, (max-width: 300px) 100vw, 300px\" \/><\/p>\n<p>Previs\u00e3o do tempo\u00a0\u2013 a\u00a0<strong><em>meteorologia<\/em><\/strong> divulgou a <strong><em>previs\u00e3o do tempo<\/em><\/strong> e\u00a0<strong><em>temperatura<\/em><\/strong> para esta sexta-feira (11\/02) e informa que a Zona de Converg\u00eancia do Atl\u00e2ntico Sul (ZCAS) deixar\u00e1 o c\u00e9u nublado com pancadas de chuva desde o PR at\u00e9 a Regi\u00e3o Norte do pa\u00eds. Segundo a previs\u00e3o do tempo em algumas localidades poder\u00e1 chover Forte. O dia ficar\u00e1 inst\u00e1vel no leste da BA com algumas aberturas de sol e chuva a qualquer hora. Dados da previs\u00e3o do tempo indicam que no centro-sul ga\u00facho, no nordeste de MG, no ES, na maior parte do RJ e no litoral paulista o dia ser\u00e1 de muito sol e pouca nebulosidade. A previs\u00e3o do tempo destaca que o calor e alta umidade deixar\u00e1 o dia com condi\u00e7\u00f5es para pancadas de chuva nas demais \u00e1reas do pa\u00eds. A temperatura continuar\u00e1 elevada no Sudeste.<\/p>\n<p>Vale do Para\u00edba \u2013 previs\u00e3o do tempo na sexta-feira (11\/02), haver\u00e1 sol e condi\u00e7\u00f5es para pancadas de chuva na Serra da Mantiqueira \u00e0 partir da tarde. No vale o sol predominar\u00e1 e as chances de pancadas de chuva ser\u00e3o menores, j\u00e1 no Litoral Norte n\u00e3o se espera pancada de chuva. As temperaturas estar\u00e3o est\u00e1veis.<\/p>\n<p>Regi\u00e3o Centro-Oeste \u2013 previs\u00e3o do tempo em\u00a011\/02\/2011:\u00a0Em todas as \u00e1reas da Regi\u00e3o: sol com nebulosidade vari\u00e1vel e pancadas de chuva isoladas. Temperaturas est\u00e1veis. Temperatura m\u00e1xima: 30C no nordeste de MT. Temperatura m\u00ednima: 15C no DF.<\/p>\n<p>Regi\u00e3o Nordeste \u2013 previs\u00e3o do tempo em\u00a011\/02\/2011:\u00a0Na faixa litor\u00e2nea da regi\u00e3o, entre o sul da BA e PB: tempo inst\u00e1vel com curtos per\u00edodos de sol e chuva. No centro-nordeste da BA, demais \u00e1reas de SE e AL, leste de PE, PB, norte do RN e norte do CE: possibilidade de pancadas de chuva isoladas. No centro-sul da BA: sol e poucas nuvens. Nas demais \u00e1reas da Regi\u00e3o: sol com varia\u00e7\u00e3o de3 nuvens e pancadas de chuva isoladas. Temperaturas est\u00e1veis. Temperatura m\u00e1xima: 36C no oeste de AL. Temperatura m\u00ednima: 18C no oeste da BA.<\/p>\n<p>Regi\u00e3o Norte \u2013 previs\u00e3o do tempo em 11\/02\/2011:\u00a0No sudoeste do PA, sul e sudoeste do AM, no AC e em RO: nublado com pancadas de chuva. Nas demais \u00e1reas da regi\u00e3o: pancadas de chuva isoladas. Temperaturas est\u00e1veis. Temperatura m\u00e1xima: 35C no nordeste de RR. Temperatura m\u00ednima: 15C no noroeste de RR.<\/p>\n<p>Regi\u00e3o Sudeste \u2013 previs\u00e3o do tempo em\u00a011\/02\/2011:\u00a0No leste de MG e faixa oeste do RJ: sol com varia\u00e7\u00e3o de nuvens e possibilidade de pancadas de chuva \u00e1 tarde. No nordeste de MG no ES e demais \u00e1reas do RJ: sol e poucas nuvens. No noroeste de MG: sol com varia\u00e7\u00e3o de nuvens e pancadas de chuva isoladas. Nas demais \u00e1reas de MG, no nordeste e leste de SP: sol entre varia\u00e7\u00e3o de nuvens e pancadas de chuva \u00e1 tarde. Nas demais \u00e1reas da Regi\u00e3o: nublado com pancadas de chuva isolada. Temperatura amena no sudoeste de SP. Temperatura m\u00e1xima: 33C no norte do RJ. Temperatura m\u00ednima: 15C no sul de MG.<\/p>\n<p>Regi\u00e3o Sul \u2013 previs\u00e3o do tempo em\u00a011\/02\/2011:\u00a0No sudeste do RS: sol entre poucas nuvens. No norte do RS, em SC e no PR: sol entre muitas nuvens e pancadas de chuva. Nas demais \u00e1reas: sol entre nuvens e possibilidade de pancadas de chuva no per\u00edodo da tarde. Temperatura est\u00e1vel. Temperatura m\u00e1xima: 28C no leste do PR. Temperatura m\u00ednima: 15C no sul do RS.<\/p>\n<p>Previs\u00e3o do tempo e temperatura CPTEC<\/p>\n","protected":false},"excerpt":{"rendered":"<p>Previs\u00e3o do tempo\u00a0\u2013 a\u00a0meteorologia divulgou a previs\u00e3o do tempo e\u00a0temperatura para esta sexta-feira (11\/02) e informa que a Zona de Converg\u00eancia do Atl\u00e2ntico Sul (ZCAS) deixar\u00e1 o c\u00e9u nublado com pancadas de chuva desde o PR at\u00e9 a Regi\u00e3o Norte do pa\u00eds. Segundo a previs\u00e3o do tempo em algumas localidades poder\u00e1 chover Forte. O dia [&hellip;]<\/p>\n","protected":false},"author":3,"featured_media":28409,"comment_status":"open","ping_status":"open","sticky":false,"template":"","format":"standard","meta":{"_genesis_hide_title":false,"_genesis_hide_breadcrumbs":false,"_genesis_hide_singular_image":false,"_genesis_hide_footer_widgets":false,"_genesis_custom_body_class":"","_genesis_custom_post_class":"","_genesis_layout":"","_jetpack_memberships_contains_paid_content":false,"footnotes":""},"categories":[22],"tags":[],"class_list":{"0":"post-33524","1":"post","2":"type-post","3":"status-publish","4":"format-standard","5":"has-post-thumbnail","7":"category-brasil","8":"entry","9":"gs-1","10":"gs-odd","11":"gs-even","12":"gs-featured-content-entry"},"jetpack_featured_media_url":"https:\/\/www.redenoticia.com.br\/noticia\/imagens\/previsao-do-tempo-e-temperatura.jpg","jetpack_sharing_enabled":true,"jetpack_likes_enabled":true,"_links":{"self":[{"href":"https:\/\/www.redenoticia.com.br\/noticia\/wp-json\/wp\/v2\/posts\/33524","targetHints":{"allow":["GET"]}}],"collection":[{"href":"https:\/\/www.redenoticia.com.br\/noticia\/wp-json\/wp\/v2\/posts"}],"about":[{"href":"https:\/\/www.redenoticia.com.br\/noticia\/wp-json\/wp\/v2\/types\/post"}],"author":[{"embeddable":true,"href":"https:\/\/www.redenoticia.com.br\/noticia\/wp-json\/wp\/v2\/users\/3"}],"replies":[{"embeddable":true,"href":"https:\/\/www.redenoticia.com.br\/noticia\/wp-json\/wp\/v2\/comments?post=33524"}],"version-history":[{"count":0,"href":"https:\/\/www.redenoticia.com.br\/noticia\/wp-json\/wp\/v2\/posts\/33524\/revisions"}],"wp:featuredmedia":[{"embeddable":true,"href":"https:\/\/www.redenoticia.com.br\/noticia\/wp-json\/wp\/v2\/media\/28409"}],"wp:attachment":[{"href":"https:\/\/www.redenoticia.com.br\/noticia\/wp-json\/wp\/v2\/media?parent=33524"}],"wp:term":[{"taxonomy":"category","embeddable":true,"href":"https:\/\/www.redenoticia.com.br\/noticia\/wp-json\/wp\/v2\/categories?post=33524"},{"taxonomy":"post_tag","embeddable":true,"href":"https:\/\/www.redenoticia.com.br\/noticia\/wp-json\/wp\/v2\/tags?post=33524"}],"curies":[{"name":"wp","href":"https:\/\/api.w.org\/{rel}","templated":true}]}}