{"id":33464,"date":"2011-02-05T14:53:57","date_gmt":"2011-02-05T18:53:57","guid":{"rendered":"http:\/\/www.redenoticia.com.br\/noticia\/?p=33464"},"modified":"2011-02-06T16:49:28","modified_gmt":"2011-02-06T20:49:28","slug":"meteorologia-%e2%80%93-previsao-do-tempo-para-este-domingo-0602","status":"publish","type":"post","link":"https:\/\/www.redenoticia.com.br\/noticia\/2011\/meteorologia-%e2%80%93-previsao-do-tempo-para-este-domingo-0602\/33464","title":{"rendered":"Meteorologia \u2013 previs\u00e3o do tempo para este domingo 06\/02"},"content":{"rendered":"<p><img loading=\"lazy\" decoding=\"async\" class=\"alignleft size-full wp-image-28410\" title=\"previsao do tempo temperatura\" src=\"https:\/\/www.redenoticia.com.br\/noticia\/imagens\/previsao-do-tempo-temperatura.jpg\" alt=\"\" width=\"300\" height=\"193\" srcset=\"https:\/\/www.redenoticia.com.br\/noticia\/imagens\/previsao-do-tempo-temperatura.jpg 300w, https:\/\/www.redenoticia.com.br\/noticia\/imagens\/previsao-do-tempo-temperatura-250x160.jpg 250w, https:\/\/www.redenoticia.com.br\/noticia\/imagens\/previsao-do-tempo-temperatura-150x96.jpg 150w\" sizes=\"auto, (max-width: 300px) 100vw, 300px\" \/>Previs\u00e3o do tempo\u00a0\u2013 a\u00a0<strong><em>meteorologia<\/em><\/strong> divulgou a <strong><em>previs\u00e3o do tempo<\/em><\/strong> e\u00a0<strong><em>temperatura<\/em><\/strong> para este domingo (06\/02) e informa que haver\u00e1 muitas nuvens em grande parte do pa\u00eds. Na Regi\u00e3o Norte, em grande parte do Centro-Oeste, no MA, PI, sul do CE, oeste da PB e de PE, norte e oeste da BA e entre o PR, SC e norte do RS ocorrer\u00e3o pancadas de chuva que localmente ser\u00e3o fortes. Segundo a previs\u00e3o do tempo a partir da tarde poder\u00e3o ocorrer pancadas de chuva em SP e no extremo sul de MG. Possibilidade de pancadas de chuva localizadas no nordeste de MG, norte do ES e sul e sudoeste da BA. Dados da previs\u00e3o do tempo indicam que no centro-noroeste de MG, nas demais \u00e1reas do ES, sul do RS, no centro da BA, norte do CE, norte e leste do RN e na faixa leste entre a PB e SE o sol aparecer\u00e1 entre poucas nuvens. A previs\u00e3o do tempo destaca que nas demais \u00e1reas do pa\u00eds haver\u00e1 sol com varia\u00e7\u00e3o de nuvens. As temperaturas estar\u00e3o elevadas.<\/p>\n<p>Vale do Para\u00edba \u2013 previs\u00e3o do tempo no domingo (06\/02), o sol predominar\u00e1 no Vale e no Litoral Norte. Na Serra da Mantiqueira haver\u00e1 possibilidade de pancadas de chuva de forma r\u00e1pida e isolada. A temperatura estar\u00e1 elevada.<\/p>\n<p>Regi\u00e3o Centro-Oeste \u2013 previs\u00e3o do tempo em\u00a006\/02\/2011:\u00a0No sudoeste de MS: nublado com chuva a qualquer hora. No nordeste de MS: sol com varia\u00e7\u00e3o de nebulosidade e pancadas de chuva \u00e0 tarde. No centro-leste de GO e no DF: sol com varia\u00e7\u00e3o de nebulosidade e uma pequena chance de pancadas de chuva \u00e0 tarde. Nas demais \u00e1reas da Regi\u00e3o: sol com varia\u00e7\u00e3o de nebulosidade e pancadas de chuva isoladas e localmente forte a qualquer hora. Temperatura est\u00e1vel. Temperatura m\u00e1xima: 34C no norte de MT. Temperatura m\u00ednima: 17C no sudoeste de GO.<\/p>\n<p>Regi\u00e3o Nordeste \u2013 previs\u00e3o do tempo em\u00a006\/02\/2011:\u00a0Na faixa centro-leste entre o RN e SE e no nordeste e sudoeste da BA, incluindo o Rec\u00f4ncavo Baiano: sol entre pouca nebulosidade. NO oeste de PE, no MA, PI e na maior parte do CE: sol entre varia\u00e7\u00e3o de nuvens e pancadas de chuva isolada e localmente forte. Nas demais \u00e1reas da Regi\u00e3o e no norte do CE: varia\u00e7\u00e3o de nebulosidade com possibilidade de pancadas de chuva. Temperatura elevada. Temperatura m\u00e1xima: 35C no norte do PI. Temperatura m\u00ednima: 17C no sudoeste da BA.<\/p>\n<p>Regi\u00e3o Norte \u2013 previs\u00e3o do tempo em\u00a006\/02\/2011:\u00a0No norte de RR: sol e varia\u00e7\u00e3o de nuvens. Nas demais \u00e1reas de RR e no norte do AM: sol entre poucas nuvens e possibilidade de pancadas de chuva. Nas demais \u00e1reas da regi\u00e3o: sol com varia\u00e7\u00e3o de nebulosidade e pancadas de chuva isoladas e localmente forte. Temperatura elevada. Temperatura m\u00e1xima: 36C em RR. Temperatura m\u00ednima: 19C no sudeste do TO.<\/p>\n<p>Regi\u00e3o Sudeste \u2013 previs\u00e3o do tempo em\u00a006\/02\/2011:\u00a0No oeste de SP: sol entre nebulosidade vari\u00e1vel e pancadas de chuva. No centro-oeste de MG: sol entre poucas nuvens e com possibilidade de pancadas de chuva a tarde. No nordeste de MG, no centro-norte e leste do ES: sol entre poucas nuvens e possibilidade de pancadas de chuva. Nas demais \u00e1reas de SP: sol entre varia\u00e7\u00e3o de nuvens e pancadas de chuva forte \u00e0 tarde. Nas demais \u00e1reas da Regi\u00e3o: sol e poucas nuvens. Temperatura est\u00e1vel. Temperatura m\u00e1xima: 35C em MG Temperatura m\u00ednima: 15C na Serra da Mantiqueira.<\/p>\n<p>Regi\u00e3o Sul \u2013 previs\u00e3o do tempo em\u00a006\/02\/2011:\u00a0No norte do PR e do RS e no extremo sudoeste de SC: sol com varia\u00e7\u00e3o de nebulosidade e pancadas de chuva isolada e localmente forte. No leste do PR e no centro-leste de SC e extremo nordeste do RS: tempo chuvoso com acumulados significativos. Nas demais \u00e1reas do PR e de SC: dia nublado com chuva a qualquer hora, que poder\u00e1 ser forte. No litoral do RS: varia\u00e7\u00e3o de nuvens e possibilidade de pancadas de chuva. NO centro-sul e no oeste do RS: sol e varia\u00e7\u00e3o de nuvens. Nas demais \u00e1reas do RS: sol entre nebulosidade vari\u00e1vel e com possibilidade de chuva. Temperatura m\u00e1xima em decl\u00ednio no leste de SC e do PR. Temperatura m\u00e1xima: 34C no oeste do RS. Temperatura m\u00ednima: 16C nas \u00e1reas de serra.<\/p>\n<p>Previs\u00e3o do tempo e temperatura CPTEC<\/p>\n","protected":false},"excerpt":{"rendered":"<p>Previs\u00e3o do tempo\u00a0\u2013 a\u00a0meteorologia divulgou a previs\u00e3o do tempo e\u00a0temperatura para este domingo (06\/02) e informa que haver\u00e1 muitas nuvens em grande parte do pa\u00eds. Na Regi\u00e3o Norte, em grande parte do Centro-Oeste, no MA, PI, sul do CE, oeste da PB e de PE, norte e oeste da BA e entre o PR, SC [&hellip;]<\/p>\n","protected":false},"author":3,"featured_media":28410,"comment_status":"open","ping_status":"open","sticky":false,"template":"","format":"standard","meta":{"_genesis_hide_title":false,"_genesis_hide_breadcrumbs":false,"_genesis_hide_singular_image":false,"_genesis_hide_footer_widgets":false,"_genesis_custom_body_class":"","_genesis_custom_post_class":"","_genesis_layout":"","_jetpack_memberships_contains_paid_content":false,"footnotes":""},"categories":[22],"tags":[],"class_list":{"0":"post-33464","1":"post","2":"type-post","3":"status-publish","4":"format-standard","5":"has-post-thumbnail","7":"category-brasil","8":"entry","9":"gs-1","10":"gs-odd","11":"gs-even","12":"gs-featured-content-entry"},"jetpack_featured_media_url":"https:\/\/www.redenoticia.com.br\/noticia\/imagens\/previsao-do-tempo-temperatura.jpg","jetpack_sharing_enabled":true,"jetpack_likes_enabled":true,"_links":{"self":[{"href":"https:\/\/www.redenoticia.com.br\/noticia\/wp-json\/wp\/v2\/posts\/33464","targetHints":{"allow":["GET"]}}],"collection":[{"href":"https:\/\/www.redenoticia.com.br\/noticia\/wp-json\/wp\/v2\/posts"}],"about":[{"href":"https:\/\/www.redenoticia.com.br\/noticia\/wp-json\/wp\/v2\/types\/post"}],"author":[{"embeddable":true,"href":"https:\/\/www.redenoticia.com.br\/noticia\/wp-json\/wp\/v2\/users\/3"}],"replies":[{"embeddable":true,"href":"https:\/\/www.redenoticia.com.br\/noticia\/wp-json\/wp\/v2\/comments?post=33464"}],"version-history":[{"count":0,"href":"https:\/\/www.redenoticia.com.br\/noticia\/wp-json\/wp\/v2\/posts\/33464\/revisions"}],"wp:featuredmedia":[{"embeddable":true,"href":"https:\/\/www.redenoticia.com.br\/noticia\/wp-json\/wp\/v2\/media\/28410"}],"wp:attachment":[{"href":"https:\/\/www.redenoticia.com.br\/noticia\/wp-json\/wp\/v2\/media?parent=33464"}],"wp:term":[{"taxonomy":"category","embeddable":true,"href":"https:\/\/www.redenoticia.com.br\/noticia\/wp-json\/wp\/v2\/categories?post=33464"},{"taxonomy":"post_tag","embeddable":true,"href":"https:\/\/www.redenoticia.com.br\/noticia\/wp-json\/wp\/v2\/tags?post=33464"}],"curies":[{"name":"wp","href":"https:\/\/api.w.org\/{rel}","templated":true}]}}