{"id":33335,"date":"2011-01-26T17:59:49","date_gmt":"2011-01-26T21:59:49","guid":{"rendered":"http:\/\/www.redenoticia.com.br\/noticia\/?p=33335"},"modified":"2011-01-27T12:21:36","modified_gmt":"2011-01-27T16:21:36","slug":"meteorologia-%e2%80%93-previsao-do-tempo-para-esta-quinta-feira-2701","status":"publish","type":"post","link":"https:\/\/www.redenoticia.com.br\/noticia\/2011\/meteorologia-%e2%80%93-previsao-do-tempo-para-esta-quinta-feira-2701\/33335","title":{"rendered":"Meteorologia \u2013 previs\u00e3o do tempo para esta quinta-feira 27\/01"},"content":{"rendered":"<p><img loading=\"lazy\" decoding=\"async\" class=\"alignleft size-full wp-image-28409\" title=\"previsao do tempo e temperatura\" src=\"https:\/\/www.redenoticia.com.br\/noticia\/imagens\/previsao-do-tempo-e-temperatura.jpg\" alt=\"\" width=\"300\" height=\"193\" srcset=\"https:\/\/www.redenoticia.com.br\/noticia\/imagens\/previsao-do-tempo-e-temperatura.jpg 300w, https:\/\/www.redenoticia.com.br\/noticia\/imagens\/previsao-do-tempo-e-temperatura-250x160.jpg 250w, https:\/\/www.redenoticia.com.br\/noticia\/imagens\/previsao-do-tempo-e-temperatura-150x96.jpg 150w\" sizes=\"auto, (max-width: 300px) 100vw, 300px\" \/><\/p>\n<p>Previs\u00e3o do tempo\u00a0\u2013 a\u00a0<strong><em>meteorologia<\/em><\/strong> divulgou a <strong><em>previs\u00e3o do tempo<\/em><\/strong> e\u00a0<strong><em>temperatura<\/em><\/strong> para esta quinta-feira (27\/01) e informa que \u00e1reas de instabilidade, formadas principalmente pelo calor e alta umidade do ar, provocar\u00e3o pancadas de chuva em grande parte do pa\u00eds. Segundo a previs\u00e3o do tempo em algumas localidades do Norte, Nordeste, do Sul do Brasil, sul do MS e no sul e oeste de SP poder\u00e1 chover forte. No sul do RS o c\u00e9u estar\u00e1 nublado com pancadas de chuva. Dados da previs\u00e3o do tempo indicam que no leste do ES e sul da BA haver\u00e1 muitas nuvens e possibilidade de chuva. \u00c0 partir da tarde ocorrer\u00e1 pancadas de chuva localizada em grande parte de SP, nordeste de MS, centro-sul de GO e oeste de MG. A previs\u00e3o do tempo destaca que no norte de SP, sul de MG e na divisa entre RJ e MG o calor continuar\u00e1 e haver\u00e1 possibilidade de pancadas de chuva. As temperaturas permancer\u00e3o elevadas em grande parte do pa\u00eds.<\/p>\n<p>Vale do Para\u00edba \u2013 previs\u00e3o do tempo na quinta-feira (27\/01) haver\u00e1 varia\u00e7\u00e3o de nebulosidade e pancadas de chuva de forma fraca e localizada no Vale do Para\u00edba e na Serra da Mantiqueira, principalmente a partir da tarde. No Litoral Norte, o sol aparecer\u00e1 entre poucas nuvens. A temperatura estar\u00e1 est\u00e1vel.<\/p>\n<p>Regi\u00e3o Centro-Oeste \u2013 previs\u00e3o do tempo em\u00a027\/01\/2011:\u00a0Em todas as \u00e1reas da Regi\u00e3o: sol com varia\u00e7\u00e3o de nuvens e pancadas de chuva isoladas, que ocorrer\u00e1 principalmente \u00e0 tarde no centro-sul de GO, no DF e no nordeste do MS. Em alguns pontos poder\u00e1 ser forte. Temperaturas est\u00e1veis. Temperatura m\u00e1xima: 34C no oeste de MS. Temperatura m\u00ednima: 17C no leste de GO.<\/p>\n<p>Regi\u00e3o Nordeste \u2013 previs\u00e3o do tempo em\u00a027\/01\/2011:\u00a0No extremo sul da BA: muitas nuvens com possibilidade de chuva. No centro-sul da BA: sol com varia\u00e7\u00e3o de nuvens e possibilidade de pancadas de chuva. Nas demais \u00e1reas da regi\u00e3o: sol com varia\u00e7\u00e3o de nuvens e pancadas de chuva isoladas. Temperaturas est\u00e1veis. Temperatura m\u00e1xima: 34C no nordeste da BA. Temperatura m\u00ednima: 17C no noroeste da BA.<\/p>\n<p>Regi\u00e3o Norte \u2013 previs\u00e3o do tempo em\u00a027\/01\/2011:\u00a0No leste de RR e no extremo noroeste do AP: sol e varia\u00e7\u00e3o de nuvens. Nas demais \u00e1reas da Regi\u00e3o: sol com varia\u00e7\u00e3o de nuvens e pancadas de chuva isoladas. Em alguns pontos poder\u00e1 ser forte. Temperaturas est\u00e1veis. Temperatura m\u00e1xima: 37C no norte de RR. Temperaturas m\u00ednima: 13C no noroeste de RR.<\/p>\n<p>Regi\u00e3o Sudeste \u2013 previs\u00e3o do tempo em\u00a027\/01\/2011:\u00a0No centro-nordeste de MG: sol com varia\u00e7\u00e3o de nuvens e possibilidade de pancadas de chuva. No ES: muitas nuvens e possibilidade de chuva. No litoral do RJ e litoral norte de SP: sol e poucas nuvens. No Tri\u00e2ngulo Mineiro e sul de MG, norte e leste de SP e demais \u00e1reas do RJ: possibilidade de pancadas de chuva a tarde. No extremo oeste de SP: sol com varia\u00e7\u00e3o de nuvens e pancadas de chuva isoladas. Nas demais \u00e1reas de SP e nordeste de MG: pancadas de chuva a tarde. Temperaturas est\u00e1veis. Temperatura m\u00e1xima: 32C no sul de SP. Temperatura m\u00ednima: 16C no sul de MG.<\/p>\n<p>Regi\u00e3o Sul \u2013 previs\u00e3o do tempo em\u00a027\/01\/2011:\u00a0No sul do RS: nublado com pancadas de chuva. Nas demais \u00e1reas da regi\u00e3o: sol com varia\u00e7\u00e3o de nuvens e pancadas de chuva. Temperaturas est\u00e1veis. Temperatura m\u00e1xima: 37C no oeste do RS. Temperatura m\u00ednima: 17C no sul do PR.<\/p>\n<p>Previs\u00e3o do tempo e temperatura CPTEC<\/p>\n","protected":false},"excerpt":{"rendered":"<p>Previs\u00e3o do tempo\u00a0\u2013 a\u00a0meteorologia divulgou a previs\u00e3o do tempo e\u00a0temperatura para esta quinta-feira (27\/01) e informa que \u00e1reas de instabilidade, formadas principalmente pelo calor e alta umidade do ar, provocar\u00e3o pancadas de chuva em grande parte do pa\u00eds. Segundo a previs\u00e3o do tempo em algumas localidades do Norte, Nordeste, do Sul do Brasil, sul do [&hellip;]<\/p>\n","protected":false},"author":3,"featured_media":28409,"comment_status":"open","ping_status":"open","sticky":false,"template":"","format":"standard","meta":{"_genesis_hide_title":false,"_genesis_hide_breadcrumbs":false,"_genesis_hide_singular_image":false,"_genesis_hide_footer_widgets":false,"_genesis_custom_body_class":"","_genesis_custom_post_class":"","_genesis_layout":"","_jetpack_memberships_contains_paid_content":false,"footnotes":""},"categories":[22],"tags":[],"class_list":{"0":"post-33335","1":"post","2":"type-post","3":"status-publish","4":"format-standard","5":"has-post-thumbnail","7":"category-brasil","8":"entry","9":"gs-1","10":"gs-odd","11":"gs-even","12":"gs-featured-content-entry"},"jetpack_featured_media_url":"https:\/\/www.redenoticia.com.br\/noticia\/imagens\/previsao-do-tempo-e-temperatura.jpg","jetpack_sharing_enabled":true,"jetpack_likes_enabled":true,"_links":{"self":[{"href":"https:\/\/www.redenoticia.com.br\/noticia\/wp-json\/wp\/v2\/posts\/33335","targetHints":{"allow":["GET"]}}],"collection":[{"href":"https:\/\/www.redenoticia.com.br\/noticia\/wp-json\/wp\/v2\/posts"}],"about":[{"href":"https:\/\/www.redenoticia.com.br\/noticia\/wp-json\/wp\/v2\/types\/post"}],"author":[{"embeddable":true,"href":"https:\/\/www.redenoticia.com.br\/noticia\/wp-json\/wp\/v2\/users\/3"}],"replies":[{"embeddable":true,"href":"https:\/\/www.redenoticia.com.br\/noticia\/wp-json\/wp\/v2\/comments?post=33335"}],"version-history":[{"count":0,"href":"https:\/\/www.redenoticia.com.br\/noticia\/wp-json\/wp\/v2\/posts\/33335\/revisions"}],"wp:featuredmedia":[{"embeddable":true,"href":"https:\/\/www.redenoticia.com.br\/noticia\/wp-json\/wp\/v2\/media\/28409"}],"wp:attachment":[{"href":"https:\/\/www.redenoticia.com.br\/noticia\/wp-json\/wp\/v2\/media?parent=33335"}],"wp:term":[{"taxonomy":"category","embeddable":true,"href":"https:\/\/www.redenoticia.com.br\/noticia\/wp-json\/wp\/v2\/categories?post=33335"},{"taxonomy":"post_tag","embeddable":true,"href":"https:\/\/www.redenoticia.com.br\/noticia\/wp-json\/wp\/v2\/tags?post=33335"}],"curies":[{"name":"wp","href":"https:\/\/api.w.org\/{rel}","templated":true}]}}