{"id":33328,"date":"2011-01-26T09:27:13","date_gmt":"2011-01-26T13:27:13","guid":{"rendered":"http:\/\/www.redenoticia.com.br\/noticia\/?p=33328"},"modified":"2011-01-26T09:27:13","modified_gmt":"2011-01-26T13:27:13","slug":"concurso-de-videos-de-divulgacao-cientifica","status":"publish","type":"post","link":"https:\/\/www.redenoticia.com.br\/noticia\/2011\/concurso-de-videos-de-divulgacao-cientifica\/33328","title":{"rendered":"Concurso de v\u00eddeos de divulga\u00e7\u00e3o cient\u00edfica"},"content":{"rendered":"<p>Est\u00e3o abertas as inscri\u00e7\u00f5es para o \u201c<strong><em>Minuto  Cient\u00edfico<\/em><\/strong>\u201d, <strong><em>concurso<\/em><\/strong> latino-americano e caribenho de <strong><em>v\u00eddeos de divulga\u00e7\u00e3o  cient\u00edfica <\/em><\/strong>organizado pelo Museu Explorat\u00f3rio de Ci\u00eancias da Universidade  Estadual de Campinas (Unicamp).<\/p>\n<p>A premia\u00e7\u00e3o ocorrer\u00e1 no dia 30 de maio durante a 12\u00aa Reuni\u00e3o Bienal da Rede  de Populariza\u00e7\u00e3o da Ci\u00eancia e Tecnologia na Am\u00e9rica Latina e Caribe (RedPop),  que ser\u00e1 realizada na Unicamp de 29 de maio a 2 de junho.<\/p>\n<p>Com o tema \u201cTransforma\u00e7\u00e3o\u201d, o concurso aceitar\u00e1 trabalhos nas categorias  Jovem, para participantes com at\u00e9 18 anos, e Adulta, para candidatos acima dessa  idade.<\/p>\n<p>Os v\u00eddeos, com dura\u00e7\u00e3o entre 60 e 120 segundos, poder\u00e3o ser inscritos em uma  das tr\u00eas grandes \u00e1reas do conhecimento: Ci\u00eancias humanas e sociais, Exatas e  tecnol\u00f3gicas e Biol\u00f3gicas.<\/p>\n<p>Juntamente com o v\u00eddeo, os participantes dever\u00e3o enviar um resumo com at\u00e9 250  palavras, <em>link<\/em> da produ\u00e7\u00e3o no YouTube, declara\u00e7\u00e3o de posse e cess\u00e3o de  direitos de autor e ficha t\u00e9cnica da obra.<\/p>\n<p>As inscri\u00e7\u00f5es dever\u00e3o ser feitas at\u00e9 11 de mar\u00e7o. Os interessados podem  inscrever quantos trabalhos desejarem, sendo necess\u00e1rio efetuar o pagamento de  uma taxa de inscri\u00e7\u00e3o de US$ 10 para cada v\u00eddeo enviado.<\/p>\n<p>Os trabalhos ser\u00e3o premiados nas categorias Jovem e Adulta, em cada uma das  \u00e1reas do conhecimento. Para cada obra ganhadora ser\u00e1 oferecido um pr\u00eamio no  valor de US$ 500.<\/p>\n<p>Os v\u00eddeos premiados ser\u00e3o exibidos nos portais da Revista FAPESP Online, da  17\u00aa Mostra Ver Ci\u00eancias e do Museu Explorat\u00f3rio de Ci\u00eancias.<\/p>\n<p>O concurso tem como objetivo estimular a divulga\u00e7\u00e3o e difus\u00e3o cient\u00edfica  espont\u00e2nea, que pode ocorrer por iniciativas individuais e institucionais  diversas, como escolas, universidades, museus de ci\u00eancia e tecnologia, parques,  ONGs, centros culturais e empresas de base cient\u00edfica e tecnol\u00f3gica, entre  outros.<\/p>\n<p>Organizado pelo Museu Explorat\u00f3rio de Ci\u00eancias da Unicamp, em parceria com a  RedPop, o concurso \u00e9 promovido com apoio do Minist\u00e9rio da Ci\u00eancia e Tecnologia  (MCT) e do Museu de Astronomia e Ci\u00eancias Afins (Mast).<\/p>\n<p>Mais informa\u00e7\u00f5es: <a href=\"http:\/\/www.mc.unicamp.br\/redpop2011\">www.mc.unicamp.br\/redpop2011<\/a>.<\/p>\n<p>Ag\u00eancia FAPESP<\/p>\n","protected":false},"excerpt":{"rendered":"<p>Est\u00e3o abertas as inscri\u00e7\u00f5es para o \u201cMinuto Cient\u00edfico\u201d, concurso latino-americano e caribenho de v\u00eddeos de divulga\u00e7\u00e3o cient\u00edfica organizado pelo Museu Explorat\u00f3rio de Ci\u00eancias da Universidade Estadual de Campinas (Unicamp). A premia\u00e7\u00e3o ocorrer\u00e1 no dia 30 de maio durante a 12\u00aa Reuni\u00e3o Bienal da Rede de Populariza\u00e7\u00e3o da Ci\u00eancia e Tecnologia na Am\u00e9rica Latina e Caribe [&hellip;]<\/p>\n","protected":false},"author":3,"featured_media":0,"comment_status":"open","ping_status":"open","sticky":false,"template":"","format":"standard","meta":{"_genesis_hide_title":false,"_genesis_hide_breadcrumbs":false,"_genesis_hide_singular_image":false,"_genesis_hide_footer_widgets":false,"_genesis_custom_body_class":"","_genesis_custom_post_class":"","_genesis_layout":"","_jetpack_memberships_contains_paid_content":false,"footnotes":""},"categories":[22,370,353],"tags":[],"class_list":{"0":"post-33328","1":"post","2":"type-post","3":"status-publish","4":"format-standard","6":"category-brasil","7":"category-inscricao","8":"category-oportunidades","9":"entry","10":"gs-1","11":"gs-odd","12":"gs-even","13":"gs-featured-content-entry"},"jetpack_featured_media_url":"","jetpack_sharing_enabled":true,"jetpack_likes_enabled":true,"_links":{"self":[{"href":"https:\/\/www.redenoticia.com.br\/noticia\/wp-json\/wp\/v2\/posts\/33328","targetHints":{"allow":["GET"]}}],"collection":[{"href":"https:\/\/www.redenoticia.com.br\/noticia\/wp-json\/wp\/v2\/posts"}],"about":[{"href":"https:\/\/www.redenoticia.com.br\/noticia\/wp-json\/wp\/v2\/types\/post"}],"author":[{"embeddable":true,"href":"https:\/\/www.redenoticia.com.br\/noticia\/wp-json\/wp\/v2\/users\/3"}],"replies":[{"embeddable":true,"href":"https:\/\/www.redenoticia.com.br\/noticia\/wp-json\/wp\/v2\/comments?post=33328"}],"version-history":[{"count":0,"href":"https:\/\/www.redenoticia.com.br\/noticia\/wp-json\/wp\/v2\/posts\/33328\/revisions"}],"wp:attachment":[{"href":"https:\/\/www.redenoticia.com.br\/noticia\/wp-json\/wp\/v2\/media?parent=33328"}],"wp:term":[{"taxonomy":"category","embeddable":true,"href":"https:\/\/www.redenoticia.com.br\/noticia\/wp-json\/wp\/v2\/categories?post=33328"},{"taxonomy":"post_tag","embeddable":true,"href":"https:\/\/www.redenoticia.com.br\/noticia\/wp-json\/wp\/v2\/tags?post=33328"}],"curies":[{"name":"wp","href":"https:\/\/api.w.org\/{rel}","templated":true}]}}