{"id":33320,"date":"2011-01-26T09:06:35","date_gmt":"2011-01-26T13:06:35","guid":{"rendered":"http:\/\/www.redenoticia.com.br\/noticia\/?p=33320"},"modified":"2011-01-26T09:06:35","modified_gmt":"2011-01-26T13:06:35","slug":"janeiro-mais-chuvoso-de-sp-desde-de-1947","status":"publish","type":"post","link":"https:\/\/www.redenoticia.com.br\/noticia\/2011\/janeiro-mais-chuvoso-de-sp-desde-de-1947\/33320","title":{"rendered":"Janeiro mais chuvoso de SP desde de 1947"},"content":{"rendered":"<p>De acordo com dados do Instituto Nacional de Meteorologia, o Inmet, <strong><em>S\u00e3o Paulo<\/em><\/strong> recebeu <strong><em>chuvas<\/em><\/strong> fortes nesta ter\u00e7a-feira(25), associadas \u00e0 entrada da brisa mar\u00edtima pela Capital. A zona norte e a regi\u00e3o de Guarulhos foram as mais atingidas pelas chuvas, inclusive com ocorr\u00eancia de queda de granizo. Alguns bairros receberam em poucos minutos acumulado de chuva em torno dos 35mm, correspondendo a 15% da m\u00e9dia de janeiro, quatro dias de chuva. E com a chuva da tarde de ontem, janeiro de 2011 passou a ser oficialmente &#8211; segundo dados do Instituto Nacional de Meteorologia &#8211; o mais chuvoso da hist\u00f3ria, batendo o acumulado de 481mm registrado em janeiro de 1947.<\/p>\n<p>At\u00e9 o momento, a esta\u00e7\u00e3o meteorol\u00f3gica do INMET na zona norte da Capital recebeu 491,5mm desde o dia 01\u00ba de janeiro. Segundo a previs\u00e3o da SOMAR Meteorologia, as condi\u00e7\u00e3o para esta quarta- feira s\u00e3o t\u00edpica de ver\u00e3o, com sol, calor e pancadas isoladas de chuva no Sudeste. Deve chover forte no nordeste e sul de S\u00e3o Paulo e nordeste de Minas Gerais.<\/p>\n<p>Para quinta-feira, o perfil permanece o mesmo, mais um dia t\u00edpico de ver\u00e3o, com sol, calor e chuvas isoladas de fim de tarde. H\u00e1 previs\u00e3o de temporais localizados que devem atingir o sul do Estado de S\u00e3o Paulo. Ainda h\u00e1 previs\u00e3o de 135mm de chuva at\u00e9 dia 9 de fevereiro, em 13 dias de precipita\u00e7\u00f5es, com maior acumulado em 2 de fevereiro com 39mm.<\/p>\n","protected":false},"excerpt":{"rendered":"<p>De acordo com dados do Instituto Nacional de Meteorologia, o Inmet, S\u00e3o Paulo recebeu chuvas fortes nesta ter\u00e7a-feira(25), associadas \u00e0 entrada da brisa mar\u00edtima pela Capital. A zona norte e a regi\u00e3o de Guarulhos foram as mais atingidas pelas chuvas, inclusive com ocorr\u00eancia de queda de granizo. Alguns bairros receberam em poucos minutos acumulado de [&hellip;]<\/p>\n","protected":false},"author":3,"featured_media":0,"comment_status":"open","ping_status":"open","sticky":false,"template":"","format":"standard","meta":{"_genesis_hide_title":false,"_genesis_hide_breadcrumbs":false,"_genesis_hide_singular_image":false,"_genesis_hide_footer_widgets":false,"_genesis_custom_body_class":"","_genesis_custom_post_class":"","_genesis_layout":"","_jetpack_memberships_contains_paid_content":false,"footnotes":""},"categories":[22,327],"tags":[],"class_list":{"0":"post-33320","1":"post","2":"type-post","3":"status-publish","4":"format-standard","6":"category-brasil","7":"category-clima","8":"entry","9":"gs-1","10":"gs-odd","11":"gs-even","12":"gs-featured-content-entry"},"jetpack_featured_media_url":"","jetpack_sharing_enabled":true,"jetpack_likes_enabled":true,"_links":{"self":[{"href":"https:\/\/www.redenoticia.com.br\/noticia\/wp-json\/wp\/v2\/posts\/33320","targetHints":{"allow":["GET"]}}],"collection":[{"href":"https:\/\/www.redenoticia.com.br\/noticia\/wp-json\/wp\/v2\/posts"}],"about":[{"href":"https:\/\/www.redenoticia.com.br\/noticia\/wp-json\/wp\/v2\/types\/post"}],"author":[{"embeddable":true,"href":"https:\/\/www.redenoticia.com.br\/noticia\/wp-json\/wp\/v2\/users\/3"}],"replies":[{"embeddable":true,"href":"https:\/\/www.redenoticia.com.br\/noticia\/wp-json\/wp\/v2\/comments?post=33320"}],"version-history":[{"count":0,"href":"https:\/\/www.redenoticia.com.br\/noticia\/wp-json\/wp\/v2\/posts\/33320\/revisions"}],"wp:attachment":[{"href":"https:\/\/www.redenoticia.com.br\/noticia\/wp-json\/wp\/v2\/media?parent=33320"}],"wp:term":[{"taxonomy":"category","embeddable":true,"href":"https:\/\/www.redenoticia.com.br\/noticia\/wp-json\/wp\/v2\/categories?post=33320"},{"taxonomy":"post_tag","embeddable":true,"href":"https:\/\/www.redenoticia.com.br\/noticia\/wp-json\/wp\/v2\/tags?post=33320"}],"curies":[{"name":"wp","href":"https:\/\/api.w.org\/{rel}","templated":true}]}}