{"id":33270,"date":"2011-01-21T15:29:16","date_gmt":"2011-01-21T19:29:16","guid":{"rendered":"http:\/\/www.redenoticia.com.br\/noticia\/?p=33270"},"modified":"2011-01-22T14:11:34","modified_gmt":"2011-01-22T18:11:34","slug":"meteorologia-%e2%80%93-previsao-do-tempo-para-este-sabado-2201","status":"publish","type":"post","link":"https:\/\/www.redenoticia.com.br\/noticia\/2011\/meteorologia-%e2%80%93-previsao-do-tempo-para-este-sabado-2201\/33270","title":{"rendered":"Meteorologia \u2013 previs\u00e3o do tempo para este s\u00e1bado 22\/01"},"content":{"rendered":"<p><img loading=\"lazy\" decoding=\"async\" class=\"alignleft size-full wp-image-28410\" title=\"previsao do tempo temperatura\" src=\"https:\/\/www.redenoticia.com.br\/noticia\/imagens\/previsao-do-tempo-temperatura.jpg\" alt=\"\" width=\"300\" height=\"193\" srcset=\"https:\/\/www.redenoticia.com.br\/noticia\/imagens\/previsao-do-tempo-temperatura.jpg 300w, https:\/\/www.redenoticia.com.br\/noticia\/imagens\/previsao-do-tempo-temperatura-250x160.jpg 250w, https:\/\/www.redenoticia.com.br\/noticia\/imagens\/previsao-do-tempo-temperatura-150x96.jpg 150w\" sizes=\"auto, (max-width: 300px) 100vw, 300px\" \/>Previs\u00e3o do tempo\u00a0\u2013 a\u00a0<strong><em>meteorologia<\/em><\/strong> divulgou a <strong><em>previs\u00e3o do tempo<\/em><\/strong> e\u00a0<strong><em>temperatura<\/em><\/strong> para o s\u00e1bado (22\/01) e informa que \u00e1reas de instabilidade provocar\u00e3o pancadas de chuva em grande parte do pa\u00eds. Segundo a previs\u00e3o do tempo em algumas localidades das Regi\u00f5es Norte, Centro-Oeste, Sul e Nordeste poder\u00e1 chover forte. No ES, sul da BA nordeste de MG o tempo ficar\u00e1 inst\u00e1vel. O dia ter\u00e1 chuva ao longo do per\u00edodo no litoral de SC. Dados da previs\u00e3o do tempo indicam que no centro-leste de SP e centro-sul de MG o sol aparecer\u00e1 entre varia\u00e7\u00e3o de nuvens e haver\u00e1 possibilidade de pancadas de chuva no per\u00edodo da tarde, por causa do calor. A previs\u00e3o do tempo destaca que o dia ter\u00e1 sol e poucas nuvens no norte do AM, noroeste do PA, em RR, sul do RJ e sul do RS. As temperaturas estar\u00e3o est\u00e1veis.<\/p>\n<p>Vale do Para\u00edba \u2013 previs\u00e3o do tempo no s\u00e1bado (22\/01) persiste a condi\u00e7\u00e3o de varia\u00e7\u00e3o de nebulosidade e possibilidade de pancadas de chuva em toda regi\u00e3o. A temperatura m\u00e1xima estar\u00e1 elevada.<\/p>\n<p>Regi\u00e3o Centro-Oeste \u2013 previs\u00e3o do tempo em\u00a022\/01\/2011:\u00a0Em todas as \u00e1reas da regi\u00e3o: sol com varia\u00e7\u00e3o de nuvens e pancadas de chuva isoladas. Temperaturas est\u00e1veis. Temperatura m\u00e1xima: 34C no nordeste do MT. Temperatura m\u00ednima: 17C no DF.<\/p>\n<p>Regi\u00e3o Nordeste \u2013 previs\u00e3o do tempo em\u00a022\/01\/2011:\u00a0No sul da BA: poucas aberturas de sol e chuva. No centro-oeste, leste e sudoeste da BA e sudeste do PI: sol com varia\u00e7\u00e3o de nuvens e pancadas de chuva \u00e0 tarde. Nas demais \u00e1reas: sol entre nuvens e pancadas de chuva. Temperaturas est\u00e1veis. Temperatura m\u00e1xima: 34C no leste do MA. Temperatura m\u00ednima: 18C no interior de MG.<\/p>\n<p>Regi\u00e3o Norte \u2013 previs\u00e3o do tempo em\u00a022\/01\/2011:\u00a0No norte da Regi\u00e3o: sol e poucas nuvens. Nas demais \u00e1reas: sol, nebulosidade vari\u00e1vel e pancadas de chuva. Temperaturas est\u00e1veis. Temperatura m\u00e1xima: 35C no oeste do AM. Temperaturas m\u00ednima: 14C no noroeste de RR<\/p>\n<p>Regi\u00e3o Sudeste \u2013 previs\u00e3o do tempo em\u00a022\/01\/2011:\u00a0No oeste da Regi\u00e3o: sol com varia\u00e7\u00e3o de nuvens e pancadas de chuva isoladas. No sul e centro-leste de SP: pequena chance de pancadas de chuva \u00e0 tarde. Na faixa litor\u00e2nea do RJ e SP: possibilidade de chuva. No norte do RJ, no ES e nordeste de MG: poucas aberturas de sol e chuva. Nas demais \u00e1reas: nebulosidade vari\u00e1vel e pancadas de chuva, principalmente no per\u00edodo da tarde. Temperaturas est\u00e1veis. Temperatura m\u00e1xima: 34C no extremo oeste de SP. Temperatura m\u00ednima: 18C no norte de MG.<\/p>\n<p>Regi\u00e3o Sul \u2013 previs\u00e3o do tempo em\u00a022\/01\/2011:\u00a0No sul e sudeste do RS: sol com varia\u00e7\u00e3o de nuvens e pancadas de chuva \u00e0 tarde. No leste de SC: muitas nuvens e tempo chuvoso. Nas demais \u00e1reas: sol com varia\u00e7\u00e3o de nuvens e pancadas de chuva. Temperaturas est\u00e1veis. Temperatura m\u00e1xima: 34C no oeste do RS. Temperatura m\u00ednima: 18C nas serras ga\u00fachas e catarinenses.<\/p>\n<p>Previs\u00e3o do tempo e temperatura CPTEC<\/p>\n","protected":false},"excerpt":{"rendered":"<p>Previs\u00e3o do tempo\u00a0\u2013 a\u00a0meteorologia divulgou a previs\u00e3o do tempo e\u00a0temperatura para o s\u00e1bado (22\/01) e informa que \u00e1reas de instabilidade provocar\u00e3o pancadas de chuva em grande parte do pa\u00eds. Segundo a previs\u00e3o do tempo em algumas localidades das Regi\u00f5es Norte, Centro-Oeste, Sul e Nordeste poder\u00e1 chover forte. No ES, sul da BA nordeste de MG [&hellip;]<\/p>\n","protected":false},"author":3,"featured_media":28410,"comment_status":"open","ping_status":"open","sticky":false,"template":"","format":"standard","meta":{"_genesis_hide_title":false,"_genesis_hide_breadcrumbs":false,"_genesis_hide_singular_image":false,"_genesis_hide_footer_widgets":false,"_genesis_custom_body_class":"","_genesis_custom_post_class":"","_genesis_layout":"","_jetpack_memberships_contains_paid_content":false,"footnotes":""},"categories":[22],"tags":[],"class_list":{"0":"post-33270","1":"post","2":"type-post","3":"status-publish","4":"format-standard","5":"has-post-thumbnail","7":"category-brasil","8":"entry","9":"gs-1","10":"gs-odd","11":"gs-even","12":"gs-featured-content-entry"},"jetpack_featured_media_url":"https:\/\/www.redenoticia.com.br\/noticia\/imagens\/previsao-do-tempo-temperatura.jpg","jetpack_sharing_enabled":true,"jetpack_likes_enabled":true,"_links":{"self":[{"href":"https:\/\/www.redenoticia.com.br\/noticia\/wp-json\/wp\/v2\/posts\/33270","targetHints":{"allow":["GET"]}}],"collection":[{"href":"https:\/\/www.redenoticia.com.br\/noticia\/wp-json\/wp\/v2\/posts"}],"about":[{"href":"https:\/\/www.redenoticia.com.br\/noticia\/wp-json\/wp\/v2\/types\/post"}],"author":[{"embeddable":true,"href":"https:\/\/www.redenoticia.com.br\/noticia\/wp-json\/wp\/v2\/users\/3"}],"replies":[{"embeddable":true,"href":"https:\/\/www.redenoticia.com.br\/noticia\/wp-json\/wp\/v2\/comments?post=33270"}],"version-history":[{"count":0,"href":"https:\/\/www.redenoticia.com.br\/noticia\/wp-json\/wp\/v2\/posts\/33270\/revisions"}],"wp:featuredmedia":[{"embeddable":true,"href":"https:\/\/www.redenoticia.com.br\/noticia\/wp-json\/wp\/v2\/media\/28410"}],"wp:attachment":[{"href":"https:\/\/www.redenoticia.com.br\/noticia\/wp-json\/wp\/v2\/media?parent=33270"}],"wp:term":[{"taxonomy":"category","embeddable":true,"href":"https:\/\/www.redenoticia.com.br\/noticia\/wp-json\/wp\/v2\/categories?post=33270"},{"taxonomy":"post_tag","embeddable":true,"href":"https:\/\/www.redenoticia.com.br\/noticia\/wp-json\/wp\/v2\/tags?post=33270"}],"curies":[{"name":"wp","href":"https:\/\/api.w.org\/{rel}","templated":true}]}}