{"id":33265,"date":"2011-01-21T09:04:15","date_gmt":"2011-01-21T13:04:15","guid":{"rendered":"http:\/\/www.redenoticia.com.br\/noticia\/?p=33265"},"modified":"2011-01-21T09:04:15","modified_gmt":"2011-01-21T13:04:15","slug":"governo-federal-reforca-atendimento-hospitalar-em-rondonia","status":"publish","type":"post","link":"https:\/\/www.redenoticia.com.br\/noticia\/2011\/governo-federal-reforca-atendimento-hospitalar-em-rondonia\/33265","title":{"rendered":"Governo Federal refor\u00e7a atendimento hospitalar em Rond\u00f4nia"},"content":{"rendered":"<p>O Minist\u00e9rio da Sa\u00fade, por meio do Instituto Nacional de Traumologia e  Ortopedia (Into), agilizar\u00e1 a realiza\u00e7\u00e3o de cirurgias de ortopedia em <strong><em>Rond\u00f4nia<\/em><\/strong>,  que decretou situa\u00e7\u00e3o de emerg\u00eancia em sa\u00fade p\u00fablica. De imediato, foram  transferidos 81 pacientes para realiza\u00e7\u00e3o de cirurgias em hospitais da regi\u00e3o. A  especialidade \u00e9 um dos principiais estrangulamentos do atendimento \u00e0 popula\u00e7\u00e3o.  O Estado tamb\u00e9m conta com R$ 16 milh\u00f5es liberados em dezembro para a aten\u00e7\u00e3o  hospitalar. Al\u00e9m disso, est\u00e1 sendo financiada a constru\u00e7\u00e3o de tr\u00eas UPAs  (Unidades de Pronto Atendimento), no valor total de R$ 5,4 milh\u00f5es.<\/p>\n<p>Uma equipe de quatro cirurgi\u00f5es do Into deve chegar na pr\u00f3xima semana ao  Estado. O instituto, ligado ao Minist\u00e9rio da Sa\u00fade, possui o projeto Suporte,  que, al\u00e9m de ajudar na redu\u00e7\u00e3o da lista de espera por uma cirurgia, capacita  profissionais de sa\u00fade locais para esse tipo de atendimento.<\/p>\n<p>\u201cA proposta do Minist\u00e9rio da Sa\u00fade \u00e9 promover a\u00e7\u00f5es permanentes e  estruturantes. O diagn\u00f3stico da visita t\u00e9cnica \u00e9 que h\u00e1 uma grande demanda por  cirurgias de ortopedia\u201d, afirma Cl\u00e9sio Castro, coordenador de Urg\u00eancia e  Emerg\u00eancia, do Minist\u00e9rio da Sa\u00fade. Segundo relat\u00f3rio da equipe t\u00e9cnica do  minist\u00e9rio, as causas externas s\u00e3o o principal motivo de \u00f3bitos na capital Porto  Velho, respondendo por 22% das mortes anuais. Os acidentes de tr\u00e2nsito comp\u00f5em  35,14% desse grupo.<\/p>\n<p>MEDIDAS IMEDIATAS &#8211; Desde o in\u00edcio da semana, os pacientes com problemas  ortop\u00e9dicos come\u00e7aram a ser transferidos do Jo\u00e3o Paulo II para outros hospitais  de Porto Velho e de Ji-Paran\u00e1, onde ser\u00e3o atendidos e as cirurgias realizadas.  Ap\u00f3s esta primeira etapa de transfer\u00eancias, que se concluir\u00e1 at\u00e9 o fim da  semana, o Hospital de Base receber\u00e1 40 pacientes, enquanto o Hospital Santa  Marcelina, tamb\u00e9m na capital, receber\u00e1 outros 16. Para o hospital de Ji-Paran\u00e1,  no interior do estado, j\u00e1 foram levados 25 pacientes. Outros 72 pacientes v\u00e3o  continuar internados no Jo\u00e3o Paulo II e ser\u00e3o transferidos \u00e0 medida que as  cirurgias no Hospital de Base forem feitas e os pacientes recebam alta  m\u00e9dica.<\/p>\n<p>Os profissionais do INTO trabalhar\u00e3o em duas etapas: na primeira, ser\u00e1  feita uma triagem dos pacientes, verificando as necessidades de cada caso, na  segunda fase, os m\u00e9dicos far\u00e3o as cirurgias ortop\u00e9dicas at\u00e9 desafogar a porta de  entrada do Jo\u00e3o Paulo II. S\u00e3o tr\u00eas salas cir\u00fargicas dispon\u00edveis para o INTO no  Hospital de Base. Os pacientes encaminhados a Ji-Paran\u00e1 ser\u00e3o operados por  profissionais do estado.<\/p>\n<p>ACORDO &#8211; Em reuni\u00e3o realizada nesta quinta-feira (20) com t\u00e9cnicos do  minist\u00e9rio, o Governador de Rond\u00f4nia, Conf\u00facio Moura, comprometeu-se a ampliar o  quadro de m\u00e9dicos na rede estadual, al\u00e9m de readequar a estrutura f\u00edsica da  maior unidade de sa\u00fade da capital. No m\u00e9dio prazo, as metas s\u00e3o descentralizar o  atendimento pelo estado e implantar um sistema em rede, que organize o fluxo de  pacientes. Al\u00e9m de participar destas medidas, o minist\u00e9rio tamb\u00e9m refor\u00e7ou que  foram liberados recursos para o estado finalizar a constru\u00e7\u00e3o de tr\u00eas Unidades  de Pronto Atendimento (UPA 24h).<\/p>\n<p>\u201cEsse entendimento entre o Minist\u00e9rio e o governo estadual vai permitir  uma melhor organiza\u00e7\u00e3o da assist\u00eancia em urg\u00eancia e emerg\u00eancia. Quando estiver  conclu\u00edda uma rede descentralizada por todo o estado, vamos diminuir a demanda  em Porto Velho e evitar que problemas como esse voltem a ocorrer\u201d, afirma  Castro.<\/p>\n<p>O Minist\u00e9rio da Sa\u00fade liberou, em dezembro de 2010, R$ 16,5 milh\u00f5es para  a amplia\u00e7\u00e3o da assist\u00eancia de sa\u00fade em Rond\u00f4nia. Deste total, R$ 10,5 milh\u00f5es  destinam-se ao funcionamento do Hospital Municipal de Cacoal. Outros R$ 6  milh\u00f5es foram transferidos para o custeio e a amplia\u00e7\u00e3o da oferta de servi\u00e7os de  m\u00e9dia e alta complexidade (como cirurgias e exames) nos hospitais de Porto  Velho. Al\u00e9m disso, o Minist\u00e9rio da Sa\u00fade est\u00e1 priorizando a libera\u00e7\u00e3o de  recursos de conv\u00eanios com o estado de Rond\u00f4nia para a compra de equipamentos.<\/p>\n","protected":false},"excerpt":{"rendered":"<p>O Minist\u00e9rio da Sa\u00fade, por meio do Instituto Nacional de Traumologia e Ortopedia (Into), agilizar\u00e1 a realiza\u00e7\u00e3o de cirurgias de ortopedia em Rond\u00f4nia, que decretou situa\u00e7\u00e3o de emerg\u00eancia em sa\u00fade p\u00fablica. De imediato, foram transferidos 81 pacientes para realiza\u00e7\u00e3o de cirurgias em hospitais da regi\u00e3o. A especialidade \u00e9 um dos principiais estrangulamentos do atendimento \u00e0 [&hellip;]<\/p>\n","protected":false},"author":3,"featured_media":0,"comment_status":"open","ping_status":"open","sticky":false,"template":"","format":"standard","meta":{"_genesis_hide_title":false,"_genesis_hide_breadcrumbs":false,"_genesis_hide_singular_image":false,"_genesis_hide_footer_widgets":false,"_genesis_custom_body_class":"","_genesis_custom_post_class":"","_genesis_layout":"","_jetpack_memberships_contains_paid_content":false,"footnotes":""},"categories":[22],"tags":[],"class_list":{"0":"post-33265","1":"post","2":"type-post","3":"status-publish","4":"format-standard","6":"category-brasil","7":"entry","8":"gs-1","9":"gs-odd","10":"gs-even","11":"gs-featured-content-entry"},"jetpack_featured_media_url":"","jetpack_sharing_enabled":true,"jetpack_likes_enabled":true,"_links":{"self":[{"href":"https:\/\/www.redenoticia.com.br\/noticia\/wp-json\/wp\/v2\/posts\/33265","targetHints":{"allow":["GET"]}}],"collection":[{"href":"https:\/\/www.redenoticia.com.br\/noticia\/wp-json\/wp\/v2\/posts"}],"about":[{"href":"https:\/\/www.redenoticia.com.br\/noticia\/wp-json\/wp\/v2\/types\/post"}],"author":[{"embeddable":true,"href":"https:\/\/www.redenoticia.com.br\/noticia\/wp-json\/wp\/v2\/users\/3"}],"replies":[{"embeddable":true,"href":"https:\/\/www.redenoticia.com.br\/noticia\/wp-json\/wp\/v2\/comments?post=33265"}],"version-history":[{"count":0,"href":"https:\/\/www.redenoticia.com.br\/noticia\/wp-json\/wp\/v2\/posts\/33265\/revisions"}],"wp:attachment":[{"href":"https:\/\/www.redenoticia.com.br\/noticia\/wp-json\/wp\/v2\/media?parent=33265"}],"wp:term":[{"taxonomy":"category","embeddable":true,"href":"https:\/\/www.redenoticia.com.br\/noticia\/wp-json\/wp\/v2\/categories?post=33265"},{"taxonomy":"post_tag","embeddable":true,"href":"https:\/\/www.redenoticia.com.br\/noticia\/wp-json\/wp\/v2\/tags?post=33265"}],"curies":[{"name":"wp","href":"https:\/\/api.w.org\/{rel}","templated":true}]}}