{"id":33259,"date":"2011-01-21T08:28:54","date_gmt":"2011-01-21T12:28:54","guid":{"rendered":"http:\/\/www.redenoticia.com.br\/noticia\/?p=33259"},"modified":"2011-01-21T09:05:32","modified_gmt":"2011-01-21T13:05:32","slug":"comite-paulista-da-copa-define-proximas-acoes","status":"publish","type":"post","link":"https:\/\/www.redenoticia.com.br\/noticia\/2011\/comite-paulista-da-copa-define-proximas-acoes\/33259","title":{"rendered":"Comit\u00ea Paulista da Copa define pr\u00f3ximas a\u00e7\u00f5es"},"content":{"rendered":"<p>O Comit\u00ea Paulista da <strong><em>Copa 2014<\/em><\/strong> se reuniu pela  primeira vez nesta quinta-feira, 20, no Pal\u00e1cio dos Bandeirantes, para fazer uma  retrospectiva das a\u00e7\u00f5es desenvolvidas at\u00e9 o momento e definir a nova din\u00e2mica de  trabalho. Neste ano, Estado e prefeitura de S\u00e3o Paulo iniciam uma nova etapa de  planejamento operacional, a\u00e7\u00f5es de divulga\u00e7\u00e3o, gerenciamento de projetos e  testes. O Grupo de Trabalho que existia at\u00e9 2010 foi ampliado e conta agora com  uma secretaria executiva e com a participa\u00e7\u00e3o de um maior n\u00famero de secretarias  estaduais e municipais. S\u00e3o 20, no total.<\/p>\n<p>Um dos pr\u00f3ximos passos do Comit\u00ea \u00e9 apresentar ao  Comit\u00ea Organizador Local (COL) a candidatura da cidade de S\u00e3o Paulo a sede do  IBC (Centro Internacional de Transmiss\u00e3o dos Jogos) at\u00e9 o dia 31 de janeiro.  Conforme determina\u00e7\u00e3o do prefeito Gilberto Kassab, o local indicado foi o Parque  Anhembi. &#8220;O governo do estado e a prefeitura est\u00e3o comprometidos em trazer para  S\u00e3o Paulo a abertura dos jogos, o IBC e o Congresso da FIFA&#8221;, disse o secret\u00e1rio  de Planejamento e Desenvolvimento Regional, Emanuel Fernandes, coordenador do  Comit\u00ea.<\/p>\n<p>Nas pr\u00f3ximas semanas tamb\u00e9m ser\u00e1 lan\u00e7ada a 2\u00aa  edi\u00e7\u00e3o do guia Cidade Base: O potencial do Estado de S\u00e3o Paulo para sediar os  Centros de Treinamento das Sele\u00e7\u00f5es para a Copa do Mundo da FIFA Brasil 2014.  Trata-se de um trabalho pioneiro que re\u00fane as 37 cidades que preencheram os  requisitos t\u00e9cnicos (estrutura esportiva e hoteleira) apresentados pelo COL e  confirmaram o interesse na candidatura. A expectativa do COL \u00e9 iniciar as  inspe\u00e7\u00f5es t\u00e9cnicas nessas cidades a partir da segunda quinzena de fevereiro.  Antes disso, ser\u00e3o inspecionados os Campos Oficiais de Treinamento, na capital  paulista.<\/p>\n<p>Ser\u00e3o lan\u00e7ados ainda, at\u00e9 o m\u00eas de mar\u00e7o, o  website de S\u00e3o Paulo como cidade-sede da Copa e o portal colaborativo do Comit\u00ea  Paulista, para que seus representantes acompanhem por meio de uma ferramenta de  gest\u00e3o o desenvolvimento de projetos e a\u00e7\u00f5es inerentes \u00e0 participa\u00e7\u00e3o de S\u00e3o  Paulo no evento. Para o secret\u00e1rio Emanuel Fernandes, \u00e9 fundamental que o Comit\u00ea  tenha os macro-objetivos de S\u00e3o Paulo como norte, sinalizando onde quer chegar,  auxiliando no levantamento de requisitos, an\u00e1lise de riscos e estrat\u00e9gias de  verifica\u00e7\u00e3o dos planos operacionais propostos. O coordenador salientou ainda a  import\u00e2ncia da participa\u00e7\u00e3o de todas as secretarias do governo e da prefeitura,  al\u00e9m das entidades de classe e iniciativa privada, que colaborar\u00e3o de maneira  decisiva para o sucesso do evento no Estado.<\/p>\n<p>Os chamados macro-objetivos s\u00e3o: consolidar o  Estado como sede de eventos internacionais, garantir n\u00edvel de excel\u00eancia na  presta\u00e7\u00e3o de servi\u00e7os ao turista e garantir que as obras e projetos representem  efetivo legado \u00e0 popula\u00e7\u00e3o.<\/p>\n","protected":false},"excerpt":{"rendered":"<p>O Comit\u00ea Paulista da Copa 2014 se reuniu pela primeira vez nesta quinta-feira, 20, no Pal\u00e1cio dos Bandeirantes, para fazer uma retrospectiva das a\u00e7\u00f5es desenvolvidas at\u00e9 o momento e definir a nova din\u00e2mica de trabalho. Neste ano, Estado e prefeitura de S\u00e3o Paulo iniciam uma nova etapa de planejamento operacional, a\u00e7\u00f5es de divulga\u00e7\u00e3o, gerenciamento de [&hellip;]<\/p>\n","protected":false},"author":3,"featured_media":0,"comment_status":"open","ping_status":"open","sticky":false,"template":"","format":"standard","meta":{"_genesis_hide_title":false,"_genesis_hide_breadcrumbs":false,"_genesis_hide_singular_image":false,"_genesis_hide_footer_widgets":false,"_genesis_custom_body_class":"","_genesis_custom_post_class":"","_genesis_layout":"","_jetpack_memberships_contains_paid_content":false,"footnotes":""},"categories":[22],"tags":[],"class_list":{"0":"post-33259","1":"post","2":"type-post","3":"status-publish","4":"format-standard","6":"category-brasil","7":"entry","8":"gs-1","9":"gs-odd","10":"gs-even","11":"gs-featured-content-entry"},"jetpack_featured_media_url":"","jetpack_sharing_enabled":true,"jetpack_likes_enabled":true,"_links":{"self":[{"href":"https:\/\/www.redenoticia.com.br\/noticia\/wp-json\/wp\/v2\/posts\/33259","targetHints":{"allow":["GET"]}}],"collection":[{"href":"https:\/\/www.redenoticia.com.br\/noticia\/wp-json\/wp\/v2\/posts"}],"about":[{"href":"https:\/\/www.redenoticia.com.br\/noticia\/wp-json\/wp\/v2\/types\/post"}],"author":[{"embeddable":true,"href":"https:\/\/www.redenoticia.com.br\/noticia\/wp-json\/wp\/v2\/users\/3"}],"replies":[{"embeddable":true,"href":"https:\/\/www.redenoticia.com.br\/noticia\/wp-json\/wp\/v2\/comments?post=33259"}],"version-history":[{"count":0,"href":"https:\/\/www.redenoticia.com.br\/noticia\/wp-json\/wp\/v2\/posts\/33259\/revisions"}],"wp:attachment":[{"href":"https:\/\/www.redenoticia.com.br\/noticia\/wp-json\/wp\/v2\/media?parent=33259"}],"wp:term":[{"taxonomy":"category","embeddable":true,"href":"https:\/\/www.redenoticia.com.br\/noticia\/wp-json\/wp\/v2\/categories?post=33259"},{"taxonomy":"post_tag","embeddable":true,"href":"https:\/\/www.redenoticia.com.br\/noticia\/wp-json\/wp\/v2\/tags?post=33259"}],"curies":[{"name":"wp","href":"https:\/\/api.w.org\/{rel}","templated":true}]}}