{"id":33257,"date":"2011-01-21T08:23:28","date_gmt":"2011-01-21T12:23:28","guid":{"rendered":"http:\/\/www.redenoticia.com.br\/noticia\/?p=33257"},"modified":"2011-01-21T08:23:28","modified_gmt":"2011-01-21T12:23:28","slug":"confira-o-que-abre-e-fecha-em-2501-na-capital-sp","status":"publish","type":"post","link":"https:\/\/www.redenoticia.com.br\/noticia\/2011\/confira-o-que-abre-e-fecha-em-2501-na-capital-sp\/33257","title":{"rendered":"Confira o que abre e fecha em 25\/01 na capital SP"},"content":{"rendered":"<h2><span style=\"font-size: 13px;\"><em>O que abre e fecha em 25\/01 na capital SP<\/em><\/span><span style=\"font-weight: normal; font-size: 13px;\"> &#8211; decreto assinado pelo governador Geraldo Alckmin  na ter\u00e7a-feira, 18, prev\u00ea a suspens\u00e3o do expediente nas reparti\u00e7\u00f5es p\u00fablicas  estaduais com sede na Capital no pr\u00f3ximo dia 24, data que antecede o anivers\u00e1rio  de S\u00e3o Paulo. O decreto, publicado no Di\u00e1rio Oficial de quarta-feira, 19,  estabelece que os servidores beneficiados com a medida compensem as horas a  partir do dia 26. <\/span><span style=\"font-weight: normal; font-size: 13px;\">Veja o funcionamento dos servi\u00e7os demais servi\u00e7os  estaduais no dias 24 e 25 de janeiro.<\/span><\/h2>\n<p>Sa\u00fade<\/p>\n<p>Os hospitais e unidades de sa\u00fade funcionam em  esquema de plant\u00e3o.<\/p>\n<p>Poupatempo<\/p>\n<p>Na ter\u00e7a-feira, 25, os Postos Fixos do Poupatempo  na capital (S\u00e9, Luz, Santo Amaro, Itaquera e Cidade Ademar) n\u00e3o v\u00e3o  funcionar.<\/p>\n<p>Na segunda-feira, 24, e a partir de quarta-feira,  26, o atendimento ser\u00e1 realizado normalmente.<\/p>\n<p>Informa\u00e7\u00f5es sobre todos os servi\u00e7os prestados  pelo Poupatempo podem ser obtidas no <a href=\"http:\/\/www.poupatempo.sp.gov.br\/\">site do Poupatempo<\/a> ou atrav\u00e9s do  Disque Poupatempo (0800 772 36 33 &#8211; liga\u00e7\u00e3o gratuita).<\/p>\n<p>Disque Poupatempo &#8211; 0800 772 36 33<br \/>\nFuncionar\u00e1  das 6h30 \u00e0s 15h na segunda, 24. Na ter\u00e7a, dia 25, n\u00e3o haver\u00e1 expediente.<\/p>\n<p>PROCON<\/p>\n<p>Postos de atendimento pessoal (dentro do  Poupatempo S\u00e9, Santo Amaro e Itaquera):<\/p>\n<p>Dia 22 de janeiro (s\u00e1bado): atendimento normal  das 7h00 \u00e0s 13h00<\/p>\n<p>Dia 24 de janeiro (segunda-feira): atendimento normal das  7h00 \u00e0s 19h00<br \/>\nDia 25 de janeiro (ter\u00e7a-feira): n\u00e3o haver\u00e1 atendimento<\/p>\n<p>Atendimento telef\u00f4nico (151) e eletr\u00f4nico, fax  (3824-0717), audi\u00eancias e administrativo:<\/p>\n<p>Dia 22 de janeiro (s\u00e1bado): n\u00e3o h\u00e1  atendimento<\/p>\n<p>Dia 24 de janeiro (segunda-feira): n\u00e3o haver\u00e1 atendimento<br \/>\nDia  25 de janeiro (ter\u00e7a-feira): n\u00e3o haver\u00e1 atendimento<\/p>\n<p>Os n\u00facleos regionais da Funda\u00e7\u00e3o Procon-SP  funcionar\u00e3o normalmente no dia 24 e 25 de janeiro.<\/p>\n<p>O telefone 151 tamb\u00e9m atende consulta para saber  se uma determinada empresa tem reclama\u00e7\u00f5es no Procon-SP. <a href=\"http:\/\/www.procon.sp.gov.br\/\">Veja aqui<\/a> o site da Funda\u00e7\u00e3o  Procon-SP.<\/p>\n<p>Sabesp -veja como funcionar\u00e1 o atendimento na regi\u00e3o  Metropolitana:<\/p>\n<p>Atendimento telef\u00f4nico e pela internet<\/p>\n<p>Central de Atendimento 195 (Liga\u00e7\u00e3o Gratuita):  Funciona 24 horas, atendendo aos casos emergenciais.<\/p>\n<p>Disque Sabesp &#8211;  08000 11 99 11 (Liga\u00e7\u00e3o Gratuita): Na segunda, 24, a Central atender\u00e1 das 07 \u00e0s  21h. No feriado, 25, o atendimento ser\u00e1 das 10h \u00e0s 16h.<\/p>\n<p>Sabesp Solu\u00e7\u00f5es Ambientais &#8211; 0800 771 24  82<\/p>\n<p>Na segunda,24, o expediente ser\u00e1 das 8h \u00e0s 18h.  Na ter\u00e7a, 25, n\u00e3o haver\u00e1 expediente.<\/p>\n<p>Atendimento Online<\/p>\n<p>N\u00e3o haver\u00e1 expediente dia  25. Na segunda, 24, o atendimento ser\u00e1 das 8h \u00e0s 21h.<\/p>\n<p>Ouvidoria Sabesp &#8211;  0800 055 05 65<br \/>\nO atendimento telef\u00f4nico ter\u00e1 expediente normal nos dias 24 e  25, funcionando das 8h \u00e0s 18h.<\/p>\n<p>Ag\u00eancias Comerciais: N\u00e3o haver\u00e1 expediente  durante o feriado. Na v\u00e9spera o atendimento ser\u00e1 normal.<\/p>\n<p>Museus<\/p>\n<p>Catavento Cultural e Educacional<\/p>\n<p>Fecha  segunda, 24.<br \/>\nAbre ter\u00e7a, 25, das 9h \u00e0s 17h.<br \/>\nPal\u00e1cio das Ind\u00fastrias &#8211;  Parque Dom Pedro II &#8211; S\u00e3o Paulo\/SP<br \/>\nFone: (11) 3315-0051<br \/>\n<a href=\"http:\/\/www.cataventocultural.org.br\/\">www.cataventocultural.org.br<\/a><\/p>\n<p>Museu do Futebol<br \/>\nFecha  segunda, 24.<br \/>\nAbre ter\u00e7a, 25, com altera\u00e7\u00e3o de hor\u00e1rio: devido a jogo no  Est\u00e1dio do Pacaembu, o Museu do Futebol abrir\u00e1 das 14h \u00e0s 19h (entrada e  bilheteria), sendo permitida a perman\u00eancia dos visitantes at\u00e9 20h.<br \/>\nPra\u00e7a  Charles Miller, s\/n\u00ba &#8211; Est\u00e1dio Paulo Machado de Carvalho &#8211; Pacaembu &#8211; S\u00e3o  Paulo\/SP<br \/>\nFone: (11) 3664-3848<br \/>\n<a href=\"http:\/\/www.museudofutebol.org.br\/\">www.museudofutebol.org.br<\/a><\/p>\n<p>Pinacoteca do Estado<br \/>\nFecha  segunda, 24.<br \/>\nAbre ter\u00e7a, 25, das 10h \u00e0s 17h30min, com perman\u00eancia at\u00e9 as  18h.<br \/>\nPra\u00e7a da Luz, 2 &#8211; Luz &#8211; S\u00e3o Paulo\/SP<br \/>\nFone: (11)  3324-1000<br \/>\nwww.pinacoteca.org.br<\/p>\n<p>Esta\u00e7\u00e3o Pinacoteca<br \/>\nFecha segunda, 24.<br \/>\nAbre  ter\u00e7a, 25, das 10h \u00e0s 17h30min, com perman\u00eancia at\u00e9 as 18h.<br \/>\nLargo General  Os\u00f3rio, 66 &#8211; Luz &#8211; S\u00e3o Paulo\/SP<br \/>\nFone: (11) 3335-4990<br \/>\n<a href=\"http:\/\/www.pinacoteca.org.br\/\">www.pinacoteca.org.br<\/a><\/p>\n<p>Memorial da Resist\u00eancia<br \/>\nFecha  segunda, 24.<br \/>\nAbre ter\u00e7a, 25, das 10h \u00e0s 17h30min.<br \/>\nLargo General Os\u00f3rio, 66  &#8211; Luz &#8211; S\u00e3o Paulo\/SP<br \/>\nFone: (11) 3324-0943\/0944<br \/>\n<a href=\"http:\/\/www.pinacoteca.org.br\/\">www.pinacoteca.org.br<\/a><\/p>\n<p>Museu da Imagem e do  Som<br \/>\nFecha segunda, 24.<br \/>\nAbre ter\u00e7a, 25, das 12h \u00e0s 19h.<br \/>\nAv.  Europa, 158 &#8211; Jardim Europa &#8211; S\u00e3o Paulo\/SP<br \/>\nFone: (11) 2117-4777<br \/>\n<a href=\"http:\/\/www.mis-sp.org.br\/\">www.mis-sp.org.br<\/a><\/p>\n<p>Pa\u00e7o das Artes<br \/>\nFecha segunda,  24.<br \/>\nAbre ter\u00e7a, 25, das 15h at\u00e9 as 17h.<br \/>\nAv. da Universidade, 1 &#8211; Cidade  Universit\u00e1ria (USP) &#8211; S\u00e3o Paulo\/SP<br \/>\nFone: (11) 3814-4832<br \/>\n<a href=\"http:\/\/www.pacodasartes.org.br\/\">www.pacodasartes.org.br<\/a><\/p>\n<p>Museu Afro Brasil<br \/>\nFecha  segunda, 24.<br \/>\nAbre ter\u00e7a, 25, das 10h \u00e0s 17h, com perman\u00eancia at\u00e9 as  18h.<br \/>\nRua Pedro \u00c1lvares Cabral, s\/n\u00ba &#8211; Pavilh\u00e3o Manoel da N\u00f3brega &#8211; Parque do  Ibirapuera, port\u00e3o 10 &#8211; S\u00e3o Paulo\/SP<br \/>\nFone: (11) 5579-8542<br \/>\n<a href=\"http:\/\/www.museuafrobrasil.com.br\/\">www.museuafrobrasil.com.br<\/a><\/p>\n<p>Museu da L\u00edngua  Portuguesa<br \/>\nFecha segunda, 24.<br \/>\nAbre ter\u00e7a, 25, das 10h \u00e0s  21h<br \/>\nPra\u00e7a da Luz, s\/n\u00ba &#8211; S\u00e3o Paulo\/SP<br \/>\nFone: (11) 3326-0775<br \/>\n<a href=\"http:\/\/www.museudalinguaportuguesa.org.br\/\">www.museudalinguaportuguesa.org.br<\/a><\/p>\n<p>Casa das Rosas &#8211; Espa\u00e7o Haroldo de Campos  de Poesia e Literatura<br \/>\nFecha segunda, 24.<br \/>\nAbre ter\u00e7a, 25, das 10h  \u00e0s 18h.<br \/>\nAv. Paulista, 37 &#8211; Bela Vista &#8211; S\u00e3o Paulo\/SP<br \/>\nFone: (11) 3285-6986  \/ 3288-9447<br \/>\n<a href=\"http:\/\/www.poiesis.org.br\/casadasrosas\">www.poiesis.org.br\/casadasrosas<\/a><\/p>\n<p>Biblioteca de S\u00e3o Paulo<br \/>\nFecha  segunda, 24.<br \/>\nAbre ter\u00e7a, 25, das 9h \u00e0s 19h.<br \/>\nAv. Cruzeiro do Sul, 2630 &#8211;  Parque da Juventude &#8211; Santana &#8211; S\u00e3o Paulo\/SP<br \/>\nFone: (11) 2089-0800<br \/>\n<a href=\"http:\/\/www.bibliotecadesaopaulo.com.br\/\">www.bibliotecadesaopaulo.com.br<\/a><\/p>\n<p>Museu da Casa  Brasileira<br \/>\nFecha segunda, 24.<br \/>\nAbre ter\u00e7a, 25, das 10h \u00e0s  18h.<br \/>\nAv. Brigadeiro Faria Lima, 2705 &#8211; Jardim Paulistano &#8211; S\u00e3o  Paulo\/SP<br \/>\nFone: (11) 3032-3727\/ 3032-2564<br \/>\n<a href=\"http:\/\/www.mcb.org.br\/\">www.mcb.org.br<\/a><\/p>\n<p>Museu de Arte Sacra<br \/>\nFecha  segunda, 24.<br \/>\nAbre ter\u00e7a, 25, das 11h \u00e0s 18h30min, com perman\u00eancia at\u00e9 as  19h.<br \/>\nAv.: Tiradentes, 676 &#8211; Luz &#8211; S\u00e3o Paulo\/SP<br \/>\nFone: (11) 3326-1373<br \/>\n<a href=\"http:\/\/www.museuartesacra.org.xn--br%20%20do%20portal%20do%20governo%20de%20s-yud\/\">www.museuartesacra.org.br<\/a><\/p>\n<p>Casa  Guilherme de Almeida<br \/>\nFecha segunda, 24.<br \/>\nAbre ter\u00e7a, 25, das 10h \u00e0s 17h  para visita\u00e7\u00e3o, e das 17h \u00e0s 19h para o recital.<br \/>\nRua Macap\u00e1, 187,  Pacaembu<br \/>\nFone:(11)3673-1883\/ 3672-1391<\/p>\n<p>Do Portal do Governo de S\u00e3o  Paulo<\/p>\n","protected":false},"excerpt":{"rendered":"<p>O que abre e fecha em 25\/01 na capital SP &#8211; decreto assinado pelo governador Geraldo Alckmin na ter\u00e7a-feira, 18, prev\u00ea a suspens\u00e3o do expediente nas reparti\u00e7\u00f5es p\u00fablicas estaduais com sede na Capital no pr\u00f3ximo dia 24, data que antecede o anivers\u00e1rio de S\u00e3o Paulo. O decreto, publicado no Di\u00e1rio Oficial de quarta-feira, 19, estabelece [&hellip;]<\/p>\n","protected":false},"author":3,"featured_media":0,"comment_status":"open","ping_status":"open","sticky":false,"template":"","format":"standard","meta":{"_genesis_hide_title":false,"_genesis_hide_breadcrumbs":false,"_genesis_hide_singular_image":false,"_genesis_hide_footer_widgets":false,"_genesis_custom_body_class":"","_genesis_custom_post_class":"","_genesis_layout":"","_jetpack_memberships_contains_paid_content":false,"footnotes":""},"categories":[22],"tags":[],"class_list":{"0":"post-33257","1":"post","2":"type-post","3":"status-publish","4":"format-standard","6":"category-brasil","7":"entry","8":"gs-1","9":"gs-odd","10":"gs-even","11":"gs-featured-content-entry"},"jetpack_featured_media_url":"","jetpack_sharing_enabled":true,"jetpack_likes_enabled":true,"_links":{"self":[{"href":"https:\/\/www.redenoticia.com.br\/noticia\/wp-json\/wp\/v2\/posts\/33257","targetHints":{"allow":["GET"]}}],"collection":[{"href":"https:\/\/www.redenoticia.com.br\/noticia\/wp-json\/wp\/v2\/posts"}],"about":[{"href":"https:\/\/www.redenoticia.com.br\/noticia\/wp-json\/wp\/v2\/types\/post"}],"author":[{"embeddable":true,"href":"https:\/\/www.redenoticia.com.br\/noticia\/wp-json\/wp\/v2\/users\/3"}],"replies":[{"embeddable":true,"href":"https:\/\/www.redenoticia.com.br\/noticia\/wp-json\/wp\/v2\/comments?post=33257"}],"version-history":[{"count":0,"href":"https:\/\/www.redenoticia.com.br\/noticia\/wp-json\/wp\/v2\/posts\/33257\/revisions"}],"wp:attachment":[{"href":"https:\/\/www.redenoticia.com.br\/noticia\/wp-json\/wp\/v2\/media?parent=33257"}],"wp:term":[{"taxonomy":"category","embeddable":true,"href":"https:\/\/www.redenoticia.com.br\/noticia\/wp-json\/wp\/v2\/categories?post=33257"},{"taxonomy":"post_tag","embeddable":true,"href":"https:\/\/www.redenoticia.com.br\/noticia\/wp-json\/wp\/v2\/tags?post=33257"}],"curies":[{"name":"wp","href":"https:\/\/api.w.org\/{rel}","templated":true}]}}