{"id":33250,"date":"2011-01-20T09:40:12","date_gmt":"2011-01-20T13:40:12","guid":{"rendered":"http:\/\/www.redenoticia.com.br\/noticia\/?p=33250"},"modified":"2011-01-20T09:40:12","modified_gmt":"2011-01-20T13:40:12","slug":"campanha-contra-a-dengue-em-produtos-e-embalagens","status":"publish","type":"post","link":"https:\/\/www.redenoticia.com.br\/noticia\/2011\/campanha-contra-a-dengue-em-produtos-e-embalagens\/33250","title":{"rendered":"Campanha contra a dengue em produtos e embalagens"},"content":{"rendered":"<p>R\u00f3tulos e embalagens de alimentos e produtos de higiene das empresas  parceiras da sa\u00fade vir\u00e3o com informa\u00e7\u00f5es sobre o <strong><em>combate \u00e0 dengue<\/em><\/strong>. A campanha  Parceiros da Sa\u00fade \u00e9 uma das a\u00e7\u00f5es do governo federal para que empresas  divulguem mensagens para a sociedade sobre o combate \u00e0 dengue.<\/p>\n<p>Em reuni\u00e3o realizada ter\u00e7a-feira (18), o ministro da Sa\u00fade, Alexandre  Padilha, convocou empresas e a sociedade a atuarem na preven\u00e7\u00e3o \u00e0 doen\u00e7a. \u201cOs  produtos de voc\u00eas entram nas casas das pessoas, assim como os servi\u00e7os, os  materiais, as revistas. Queremos uma parceria com voc\u00eas para entrar na casa das  pessoas e divulgar esse combate\u201d, disse Padilha. O encontro teve participa\u00e7\u00e3o de  representantes de diversos setores &#8211; autom\u00f3veis, telecomunica\u00e7\u00f5es, m\u00eddia e  mercado editorial, supermercados, constru\u00e7\u00e3o civil, energia, alimentos, bebidas,  mercado financeiro, minera\u00e7\u00e3o, produtos de higiene pessoal, companhias a\u00e9reas,  entre outros Elas integram uma rede de 500 parceiros do Minist\u00e9rio da Sa\u00fade que  s\u00e3o volunt\u00e1rios no apoio \u00e0s campanhas e a\u00e7\u00f5es de sa\u00fade p\u00fablica.<\/p>\n<p>Entre as a\u00e7\u00f5es que os parceiros podem desenvolver para ajudar no  enfrentamento da dengue est\u00e1 a divulga\u00e7\u00e3o de informa\u00e7\u00f5es sobre sinais e sintomas  da doen\u00e7a e como eliminar criadouros do mosquito transmissor. Outros pontos  importantes s\u00e3o as orienta\u00e7\u00f5es para ir a unidades de sa\u00fade em caso de  aparecimento de sintomas e para evitar tomar medicamentos por conta pr\u00f3pria.<\/p>\n<p>O programa Parceiros da Sa\u00fade existe desde 2007 e tem o objetivo de refor\u00e7ar  a responsabilidade social das empresas, que colaboram na amplia\u00e7\u00e3o das a\u00e7\u00f5es de  comunica\u00e7\u00e3o do Minist\u00e9rio, promovendo uma a\u00e7\u00e3o integrada de preven\u00e7\u00e3o e promo\u00e7\u00e3o  da sa\u00fade. Toda ajuda \u00e9 volunt\u00e1ria e sem \u00f4nus para o Minist\u00e9rio da Sa\u00fade. O grupo  de parceiros j\u00e1 ajudou o Minist\u00e9rio em outras a\u00e7\u00f5es recentes, como nas  vacina\u00e7\u00f5es contra rub\u00e9ola (2008) e gripe H1N1 (2010), al\u00e9m de participa\u00e7\u00e3o em  outros eventos de promo\u00e7\u00e3o \u00e0 sa\u00fade, como pr\u00e1tica de atividades f\u00edsicas,  alimenta\u00e7\u00e3o saud\u00e1vel, redu\u00e7\u00e3o do tabagismo e preven\u00e7\u00e3o da hipertens\u00e3o e do  diabetes.<\/p>\n<p>O endere\u00e7o eletr\u00f4nico da campanha \u00e9 <a href=\"http:\/\/www.empresascontraadengue.com.br\" target=\"_blank\">www.empresascontraadengue.com.br<\/a>. A lista  completa das empresas que participam da campanha est\u00e1 dispon\u00edvel em <a href=\"http:\/\/portal.saude.gov.br\/portal\/arquivos\/pdf\/parceiros_empresas_dengue_180111.pdf\" target=\"_blank\">http:\/\/portal.saude.gov.br\/<\/a><\/p>\n","protected":false},"excerpt":{"rendered":"<p>R\u00f3tulos e embalagens de alimentos e produtos de higiene das empresas parceiras da sa\u00fade vir\u00e3o com informa\u00e7\u00f5es sobre o combate \u00e0 dengue. A campanha Parceiros da Sa\u00fade \u00e9 uma das a\u00e7\u00f5es do governo federal para que empresas divulguem mensagens para a sociedade sobre o combate \u00e0 dengue. Em reuni\u00e3o realizada ter\u00e7a-feira (18), o ministro da [&hellip;]<\/p>\n","protected":false},"author":3,"featured_media":0,"comment_status":"open","ping_status":"open","sticky":false,"template":"","format":"standard","meta":{"_genesis_hide_title":false,"_genesis_hide_breadcrumbs":false,"_genesis_hide_singular_image":false,"_genesis_hide_footer_widgets":false,"_genesis_custom_body_class":"","_genesis_custom_post_class":"","_genesis_layout":"","_jetpack_memberships_contains_paid_content":false,"footnotes":""},"categories":[22],"tags":[],"class_list":{"0":"post-33250","1":"post","2":"type-post","3":"status-publish","4":"format-standard","6":"category-brasil","7":"entry","8":"gs-1","9":"gs-odd","10":"gs-even","11":"gs-featured-content-entry"},"jetpack_featured_media_url":"","jetpack_sharing_enabled":true,"jetpack_likes_enabled":true,"_links":{"self":[{"href":"https:\/\/www.redenoticia.com.br\/noticia\/wp-json\/wp\/v2\/posts\/33250","targetHints":{"allow":["GET"]}}],"collection":[{"href":"https:\/\/www.redenoticia.com.br\/noticia\/wp-json\/wp\/v2\/posts"}],"about":[{"href":"https:\/\/www.redenoticia.com.br\/noticia\/wp-json\/wp\/v2\/types\/post"}],"author":[{"embeddable":true,"href":"https:\/\/www.redenoticia.com.br\/noticia\/wp-json\/wp\/v2\/users\/3"}],"replies":[{"embeddable":true,"href":"https:\/\/www.redenoticia.com.br\/noticia\/wp-json\/wp\/v2\/comments?post=33250"}],"version-history":[{"count":0,"href":"https:\/\/www.redenoticia.com.br\/noticia\/wp-json\/wp\/v2\/posts\/33250\/revisions"}],"wp:attachment":[{"href":"https:\/\/www.redenoticia.com.br\/noticia\/wp-json\/wp\/v2\/media?parent=33250"}],"wp:term":[{"taxonomy":"category","embeddable":true,"href":"https:\/\/www.redenoticia.com.br\/noticia\/wp-json\/wp\/v2\/categories?post=33250"},{"taxonomy":"post_tag","embeddable":true,"href":"https:\/\/www.redenoticia.com.br\/noticia\/wp-json\/wp\/v2\/tags?post=33250"}],"curies":[{"name":"wp","href":"https:\/\/api.w.org\/{rel}","templated":true}]}}