{"id":33239,"date":"2011-01-20T08:44:59","date_gmt":"2011-01-20T12:44:59","guid":{"rendered":"http:\/\/www.redenoticia.com.br\/noticia\/?p=33239"},"modified":"2011-01-20T08:44:59","modified_gmt":"2011-01-20T12:44:59","slug":"presidente-da-fiesp-critica-aumento-da-selic","status":"publish","type":"post","link":"https:\/\/www.redenoticia.com.br\/noticia\/2011\/presidente-da-fiesp-critica-aumento-da-selic\/33239","title":{"rendered":"Presidente da Fiesp critica aumento da Selic"},"content":{"rendered":"<p>A Federa\u00e7\u00e3o e o Centro das Ind\u00fastrias do Estado de S\u00e3o Paulo consideram um  erro a decis\u00e3o do <strong><em>Banco Central<\/em><\/strong> em elevar a taxa b\u00e1sica de juros (Selic) para  11,25% ao ano.\u00a0Com decis\u00f5es como essa, em 2011, o governo federal vai gastar R$ 200 bilh\u00f5es de  juros. Para a Sa\u00fade teremos apenas R$ 72 bilh\u00f5es, para Educa\u00e7\u00e3o teremos R$ 60  bilh\u00f5es. A Fiesp alerta que cada meio ponto percentual a mais na taxa Selic  representa despesa p\u00fablica anual adicional de R$ 9 bilh\u00f5es.<\/p>\n<p>\u201cO Brasil n\u00e3o pode mais ser penalizado com o crescente aumento da taxa de  juros. Isso \u00e9 um absurdo. Com esse dinheiro poder\u00edamos viabilizar a constru\u00e7\u00e3o  de mais 390 mil casas do Programa Minha Casa Minha Vida, ou custear 2\/3 do  Programa Bolsa Fam\u00edlia no ano inteiro de 2011. Alternativamente, daria para o  Sistema de Sa\u00fade realizar 14 mil interna\u00e7\u00f5es adicionais\u201d, afirmou Paulo Skaf,  presidente da FIESP.<\/p>\n<p>Se considerarmos os itens que afetaram a taxa de infla\u00e7\u00e3o: alimenta\u00e7\u00e3o,  despesas pessoais e servi\u00e7os, percebemos que sua rela\u00e7\u00e3o com a taxa Selic \u00e9  quase nula. A taxa de juros afetar\u00e1 todos os setores e n\u00e3o apenas os de alta  infla\u00e7\u00e3o.<\/p>\n<p>\u201cO Banco Central do Brasil al\u00e9m de cuidar da moeda deveria se  preocupar tamb\u00e9m com o emprego e crescimento econ\u00f4mico, que ser\u00e3o penalizados  por esta decis\u00e3o de aumento dos juros\u201d, concluiu Skaf.<\/p>\n","protected":false},"excerpt":{"rendered":"<p>A Federa\u00e7\u00e3o e o Centro das Ind\u00fastrias do Estado de S\u00e3o Paulo consideram um erro a decis\u00e3o do Banco Central em elevar a taxa b\u00e1sica de juros (Selic) para 11,25% ao ano.\u00a0Com decis\u00f5es como essa, em 2011, o governo federal vai gastar R$ 200 bilh\u00f5es de juros. Para a Sa\u00fade teremos apenas R$ 72 bilh\u00f5es, [&hellip;]<\/p>\n","protected":false},"author":3,"featured_media":0,"comment_status":"open","ping_status":"open","sticky":false,"template":"","format":"standard","meta":{"_genesis_hide_title":false,"_genesis_hide_breadcrumbs":false,"_genesis_hide_singular_image":false,"_genesis_hide_footer_widgets":false,"_genesis_custom_body_class":"","_genesis_custom_post_class":"","_genesis_layout":"","_jetpack_memberships_contains_paid_content":false,"footnotes":""},"categories":[22,7],"tags":[],"class_list":{"0":"post-33239","1":"post","2":"type-post","3":"status-publish","4":"format-standard","6":"category-brasil","7":"category-economia","8":"entry","9":"gs-1","10":"gs-odd","11":"gs-even","12":"gs-featured-content-entry"},"jetpack_featured_media_url":"","jetpack_sharing_enabled":true,"jetpack_likes_enabled":true,"_links":{"self":[{"href":"https:\/\/www.redenoticia.com.br\/noticia\/wp-json\/wp\/v2\/posts\/33239","targetHints":{"allow":["GET"]}}],"collection":[{"href":"https:\/\/www.redenoticia.com.br\/noticia\/wp-json\/wp\/v2\/posts"}],"about":[{"href":"https:\/\/www.redenoticia.com.br\/noticia\/wp-json\/wp\/v2\/types\/post"}],"author":[{"embeddable":true,"href":"https:\/\/www.redenoticia.com.br\/noticia\/wp-json\/wp\/v2\/users\/3"}],"replies":[{"embeddable":true,"href":"https:\/\/www.redenoticia.com.br\/noticia\/wp-json\/wp\/v2\/comments?post=33239"}],"version-history":[{"count":0,"href":"https:\/\/www.redenoticia.com.br\/noticia\/wp-json\/wp\/v2\/posts\/33239\/revisions"}],"wp:attachment":[{"href":"https:\/\/www.redenoticia.com.br\/noticia\/wp-json\/wp\/v2\/media?parent=33239"}],"wp:term":[{"taxonomy":"category","embeddable":true,"href":"https:\/\/www.redenoticia.com.br\/noticia\/wp-json\/wp\/v2\/categories?post=33239"},{"taxonomy":"post_tag","embeddable":true,"href":"https:\/\/www.redenoticia.com.br\/noticia\/wp-json\/wp\/v2\/tags?post=33239"}],"curies":[{"name":"wp","href":"https:\/\/api.w.org\/{rel}","templated":true}]}}