{"id":33227,"date":"2011-01-19T08:28:43","date_gmt":"2011-01-19T12:28:43","guid":{"rendered":"http:\/\/www.redenoticia.com.br\/noticia\/?p=33227"},"modified":"2011-01-19T08:28:43","modified_gmt":"2011-01-19T12:28:43","slug":"pessoas-com-deficiencia-tem-mais-um-servico-de-orientacao","status":"publish","type":"post","link":"https:\/\/www.redenoticia.com.br\/noticia\/2011\/pessoas-com-deficiencia-tem-mais-um-servico-de-orientacao\/33227","title":{"rendered":"Pessoas com defici\u00eancia t\u00eam mais um servi\u00e7o de orienta\u00e7\u00e3o"},"content":{"rendered":"<p>A Secretaria dos Direitos da Pessoa com  Defici\u00eancia SP criou o n\u00famero 08007733723, com funcionamento de segunda a  sexta-feira, das 8h \u00e0s 20h, e aos s\u00e1bados, das 8h \u00e0s 14h, com seis atendentes  com defici\u00eancia.<\/p>\n<p>O servi\u00e7o tem como objetivo disseminar  informa\u00e7\u00f5es sobre os <strong><em>direitos das pessoas com defici\u00eancia<\/em><\/strong>. O intuito \u00e9 ampliar a  melhoria da qualidade de vida dessas pessoas e seus familiares; minimizar as  dificuldades para obten\u00e7\u00e3o de informa\u00e7\u00e3o e incentivar a cria\u00e7\u00e3o de pol\u00edticas  p\u00fablicas, com abrang\u00eancia no Estado de S\u00e3o Paulo e demais localidades do  territ\u00f3rio brasileiro, voltadas \u00e0 cidadania e inclus\u00e3o social das pessoas com  defici\u00eancia.<\/p>\n<p>O COE surgiu por meio da Lei n\u00ba 12.085, de 5 de  outubro de 2005 e Decreto n\u00ba 50.572, de 1\u00ba de mar\u00e7o de 2006. O Decreto n\u00ba  54.510, de 27 de julho de 2009, altera a denomina\u00e7\u00e3o do COE e o transfere para a  Secretaria de Estado dos Direitos da Pessoa com Defici\u00eancia.<\/p>\n<p>Servi\u00e7o<\/p>\n<p>Tel: 08007733723<\/p>\n<p>Centro de Orienta\u00e7\u00e3o e Encaminhamento atende de segunda a sexta das 8h \u00e0s 20h.<br \/>\nE-mail:  coe.sedpcd@sp.gov.br<\/p>\n<p>Da Secretaria dos Direitos da Pessoa com  Defici\u00eancia<\/p>\n","protected":false},"excerpt":{"rendered":"<p>A Secretaria dos Direitos da Pessoa com Defici\u00eancia SP criou o n\u00famero 08007733723, com funcionamento de segunda a sexta-feira, das 8h \u00e0s 20h, e aos s\u00e1bados, das 8h \u00e0s 14h, com seis atendentes com defici\u00eancia. O servi\u00e7o tem como objetivo disseminar informa\u00e7\u00f5es sobre os direitos das pessoas com defici\u00eancia. O intuito \u00e9 ampliar a melhoria [&hellip;]<\/p>\n","protected":false},"author":3,"featured_media":0,"comment_status":"open","ping_status":"open","sticky":false,"template":"","format":"standard","meta":{"_genesis_hide_title":false,"_genesis_hide_breadcrumbs":false,"_genesis_hide_singular_image":false,"_genesis_hide_footer_widgets":false,"_genesis_custom_body_class":"","_genesis_custom_post_class":"","_genesis_layout":"","_jetpack_memberships_contains_paid_content":false,"footnotes":""},"categories":[22],"tags":[],"class_list":{"0":"post-33227","1":"post","2":"type-post","3":"status-publish","4":"format-standard","6":"category-brasil","7":"entry","8":"gs-1","9":"gs-odd","10":"gs-even","11":"gs-featured-content-entry"},"jetpack_featured_media_url":"","jetpack_sharing_enabled":true,"jetpack_likes_enabled":true,"_links":{"self":[{"href":"https:\/\/www.redenoticia.com.br\/noticia\/wp-json\/wp\/v2\/posts\/33227","targetHints":{"allow":["GET"]}}],"collection":[{"href":"https:\/\/www.redenoticia.com.br\/noticia\/wp-json\/wp\/v2\/posts"}],"about":[{"href":"https:\/\/www.redenoticia.com.br\/noticia\/wp-json\/wp\/v2\/types\/post"}],"author":[{"embeddable":true,"href":"https:\/\/www.redenoticia.com.br\/noticia\/wp-json\/wp\/v2\/users\/3"}],"replies":[{"embeddable":true,"href":"https:\/\/www.redenoticia.com.br\/noticia\/wp-json\/wp\/v2\/comments?post=33227"}],"version-history":[{"count":0,"href":"https:\/\/www.redenoticia.com.br\/noticia\/wp-json\/wp\/v2\/posts\/33227\/revisions"}],"wp:attachment":[{"href":"https:\/\/www.redenoticia.com.br\/noticia\/wp-json\/wp\/v2\/media?parent=33227"}],"wp:term":[{"taxonomy":"category","embeddable":true,"href":"https:\/\/www.redenoticia.com.br\/noticia\/wp-json\/wp\/v2\/categories?post=33227"},{"taxonomy":"post_tag","embeddable":true,"href":"https:\/\/www.redenoticia.com.br\/noticia\/wp-json\/wp\/v2\/tags?post=33227"}],"curies":[{"name":"wp","href":"https:\/\/api.w.org\/{rel}","templated":true}]}}