{"id":33226,"date":"2011-01-19T08:24:47","date_gmt":"2011-01-19T12:24:47","guid":{"rendered":"http:\/\/www.redenoticia.com.br\/noticia\/?p=33226"},"modified":"2011-01-19T08:24:47","modified_gmt":"2011-01-19T12:24:47","slug":"saude-de-sp-manda-reforco-medico-para-o-rio-de-janeiro","status":"publish","type":"post","link":"https:\/\/www.redenoticia.com.br\/noticia\/2011\/saude-de-sp-manda-reforco-medico-para-o-rio-de-janeiro\/33226","title":{"rendered":"Sa\u00fade de SP manda refor\u00e7o m\u00e9dico para o Rio de Janeiro"},"content":{"rendered":"<p>Al\u00e9m dos legistas, peritos e helic\u00f3pteros, o  Governo de s\u00e3o Paulo determinou que a Secretaria da Sa\u00fade de S\u00e3o Paulo tamb\u00e9m  encaminhasse duas equipes m\u00e9dicas\u00a0para auxiliar no<strong><em> atendimento de v\u00edtimas da  cat\u00e1strofe<\/em><\/strong> ocorrida na regi\u00e3o serrana do Rio de Janeiro.<\/p>\n<p>As equipes fazem parte do Grupo de Resgate e  Atendimentos \u00e0s Urg\u00eancias (Grau), \u00f3rg\u00e3o da pasta, e s\u00e3o especializadas em  resgates aerom\u00e9dicos em locais de dif\u00edcil acesso. Possuem treinamento especifico  para rapel de helic\u00f3ptero e atendimento remoto.<\/p>\n<p>Juntamente com a equipe,  formada por dois m\u00e9dicos e dois enfermeiros, a Secretaria encaminhou tamb\u00e9m  material e equipamentos necess\u00e1rios para o atendimento, como laringosc\u00f3pios e  monitores port\u00e1teis.<\/p>\n<p>O grupo possui experi\u00eancia nesse tipo de a\u00e7\u00e3o. J\u00e1  participou, em 2009 e 2010, de resgates em situa\u00e7\u00f5es semelhantes em Macei\u00f3,  Santa Catarina e S\u00e3o Luiz do Paraintinga. O pedido de ajuda foi feito pela  dire\u00e7\u00e3o do Hospital da Pol\u00edcia Militar do Rio de Janeiro.<\/p>\n<p>&#8220;Neste momento  dif\u00edcil por que passam algumas cidades brasileiras, \u00e9 importante que haja  solidariedade e apoio entre os governos. Por isso decidimos encaminhar esta  equipe extremamente especializada em atendimento a urg\u00eancias m\u00e9dicas em caso de  desastres&#8221;, disse o secret\u00e1rio da Sa\u00fade, Giovanni Guido Cerri.<\/p>\n<p>Da  Secretaria da Sa\u00fade<\/p>\n","protected":false},"excerpt":{"rendered":"<p>Al\u00e9m dos legistas, peritos e helic\u00f3pteros, o Governo de s\u00e3o Paulo determinou que a Secretaria da Sa\u00fade de S\u00e3o Paulo tamb\u00e9m encaminhasse duas equipes m\u00e9dicas\u00a0para auxiliar no atendimento de v\u00edtimas da cat\u00e1strofe ocorrida na regi\u00e3o serrana do Rio de Janeiro. As equipes fazem parte do Grupo de Resgate e Atendimentos \u00e0s Urg\u00eancias (Grau), \u00f3rg\u00e3o da [&hellip;]<\/p>\n","protected":false},"author":3,"featured_media":0,"comment_status":"open","ping_status":"open","sticky":false,"template":"","format":"standard","meta":{"_genesis_hide_title":false,"_genesis_hide_breadcrumbs":false,"_genesis_hide_singular_image":false,"_genesis_hide_footer_widgets":false,"_genesis_custom_body_class":"","_genesis_custom_post_class":"","_genesis_layout":"","_jetpack_memberships_contains_paid_content":false,"footnotes":""},"categories":[22],"tags":[],"class_list":{"0":"post-33226","1":"post","2":"type-post","3":"status-publish","4":"format-standard","6":"category-brasil","7":"entry","8":"gs-1","9":"gs-odd","10":"gs-even","11":"gs-featured-content-entry"},"jetpack_featured_media_url":"","jetpack_sharing_enabled":true,"jetpack_likes_enabled":true,"_links":{"self":[{"href":"https:\/\/www.redenoticia.com.br\/noticia\/wp-json\/wp\/v2\/posts\/33226","targetHints":{"allow":["GET"]}}],"collection":[{"href":"https:\/\/www.redenoticia.com.br\/noticia\/wp-json\/wp\/v2\/posts"}],"about":[{"href":"https:\/\/www.redenoticia.com.br\/noticia\/wp-json\/wp\/v2\/types\/post"}],"author":[{"embeddable":true,"href":"https:\/\/www.redenoticia.com.br\/noticia\/wp-json\/wp\/v2\/users\/3"}],"replies":[{"embeddable":true,"href":"https:\/\/www.redenoticia.com.br\/noticia\/wp-json\/wp\/v2\/comments?post=33226"}],"version-history":[{"count":0,"href":"https:\/\/www.redenoticia.com.br\/noticia\/wp-json\/wp\/v2\/posts\/33226\/revisions"}],"wp:attachment":[{"href":"https:\/\/www.redenoticia.com.br\/noticia\/wp-json\/wp\/v2\/media?parent=33226"}],"wp:term":[{"taxonomy":"category","embeddable":true,"href":"https:\/\/www.redenoticia.com.br\/noticia\/wp-json\/wp\/v2\/categories?post=33226"},{"taxonomy":"post_tag","embeddable":true,"href":"https:\/\/www.redenoticia.com.br\/noticia\/wp-json\/wp\/v2\/tags?post=33226"}],"curies":[{"name":"wp","href":"https:\/\/api.w.org\/{rel}","templated":true}]}}