{"id":33195,"date":"2011-01-17T20:14:04","date_gmt":"2011-01-18T00:14:04","guid":{"rendered":"http:\/\/www.redenoticia.com.br\/noticia\/?p=33195"},"modified":"2011-01-18T12:19:03","modified_gmt":"2011-01-18T16:19:03","slug":"meteorologia-%e2%80%93-previsao-do-tempo-para-esta-terca-feira-1801","status":"publish","type":"post","link":"https:\/\/www.redenoticia.com.br\/noticia\/2011\/meteorologia-%e2%80%93-previsao-do-tempo-para-esta-terca-feira-1801\/33195","title":{"rendered":"Meteorologia \u2013 previs\u00e3o do tempo para esta ter\u00e7a-feira 18\/01"},"content":{"rendered":"<p><img loading=\"lazy\" decoding=\"async\" class=\"alignleft size-full wp-image-28409\" title=\"previsao do tempo e temperatura\" src=\"https:\/\/www.redenoticia.com.br\/noticia\/imagens\/previsao-do-tempo-e-temperatura.jpg\" alt=\"\" width=\"300\" height=\"193\" srcset=\"https:\/\/www.redenoticia.com.br\/noticia\/imagens\/previsao-do-tempo-e-temperatura.jpg 300w, https:\/\/www.redenoticia.com.br\/noticia\/imagens\/previsao-do-tempo-e-temperatura-250x160.jpg 250w, https:\/\/www.redenoticia.com.br\/noticia\/imagens\/previsao-do-tempo-e-temperatura-150x96.jpg 150w\" sizes=\"auto, (max-width: 300px) 100vw, 300px\" \/>Previs\u00e3o do tempo\u00a0\u2013 a\u00a0<strong><em>meteorologia<\/em><\/strong> divulgou a <strong><em>previs\u00e3o do tempo<\/em><\/strong> e\u00a0<strong><em>temperatura<\/em><\/strong> para ter\u00e7a-feira 18\/01\u00a0e informa que no\u00a0Vale do Para\u00edba o dia ficar\u00e1 nublado e ocorrer\u00e3o pancadas de chuva. A temperatura estar\u00e1 em ligeira ascens\u00e3o.<\/p>\n<p>Regi\u00e3o Centro-Oeste \u2013 previs\u00e3o do tempo em\u00a018\/01\/2011:\u00a0No nordeste do MT, centro-norte de GO, no DF e sudoeste do MS: sol com varia\u00e7\u00e3o de nuvens e pancadas de chuva. Nas demais \u00e1reas da regi\u00e3o: nublado com pancadas de chuva. Temperaturas est\u00e1veis. Temperatura m\u00e1xima: 34C no noroeste do MT. Temperatura m\u00ednima: 18C no sul do MS.<\/p>\n<p>Regi\u00e3o Nordeste \u2013 previs\u00e3o do tempo em\u00a018\/01\/2011:\u00a0No oeste da BA, centro-sul do PI, faixa central do CE, no RN e leste da PB: sol com varia\u00e7\u00e3o de nuvens e possibilidade de pancadas de chuva. No litoral do RN, PB e PE, nas demais \u00e1reas do PI e no MA: sol com varia\u00e7\u00e3o de nuvens e pancadas de chuva. Nas demais \u00e1reas da regi\u00e3o: sol e poucas nuvens. Temperaturas elevadas. Temperatura m\u00e1xima: 35C no interior do PI. Temperatura m\u00ednima: 17C no interior da BA.<\/p>\n<p>Regi\u00e3o Norte \u2013 previs\u00e3o do tempo em\u00a018\/01\/2011:\u00a0No sudoeste do PA, sul do AM e em RO: nublado com pancadas de chuva. No norte de RR e norte do AM: sol com nebulosidade vari\u00e1vel. Nas demais \u00e1reas da regi\u00e3o: sol com varia\u00e7\u00e3o de nuvens e pancadas de chuva isoladas. Temperaturas est\u00e1veis. Temperatura m\u00e1xima: 35C no nordeste do PA. Temperatura m\u00ednima: 15C no noroeste de RR.<\/p>\n<p>Regi\u00e3o Sudeste \u2013 previs\u00e3o do tempo em\u00a018\/01\/2011:\u00a0Em SP, sul de MG e no Tri\u00e2ngulo Mineiro: nublado com pancadas de chuva. No centro-leste de MG, no ES e no norte do RJ: sol e poucas nuvens. No oeste de MG: sol com varia\u00e7\u00e3o de nuvens e pancadas de chuva isoladas. Nas demais \u00e1reas: sol entre nuvens e possibilidade de pancadas de chuva. Temperaturas est\u00e1veis. Temperatura m\u00e1xima: 30C no norte de SP. Temperatura m\u00ednima: 16C no sul de SP.<\/p>\n<p>Regi\u00e3o Sul \u2013 previs\u00e3o do tempo em\u00a018\/01\/2011:\u00a0No sul do RS: sol com nebulosidade vari\u00e1vel. No norte do RS sol com varia\u00e7\u00e3o de nuvens e possibilidade de pancadas de chuva. No centro-leste e norte do PR e nordeste de SC: nublado com pancadas de chuva. Nas demais \u00e1reas da Regi\u00e3o: sol com varia\u00e7\u00e3o de nuvens e pancadas de chuva isoladas. Temperaturas elevadas no oeste da Regi\u00e3o. Temperatura m\u00e1xima: 34C no oeste da Regi\u00e3o Sul. Temperatura m\u00ednima: 14C nas serras ga\u00fachas e catarinenses.<\/p>\n<p>Previs\u00e3o do tempo e temperatura CPTEC<\/p>\n","protected":false},"excerpt":{"rendered":"<p>Previs\u00e3o do tempo\u00a0\u2013 a\u00a0meteorologia divulgou a previs\u00e3o do tempo e\u00a0temperatura para ter\u00e7a-feira 18\/01\u00a0e informa que no\u00a0Vale do Para\u00edba o dia ficar\u00e1 nublado e ocorrer\u00e3o pancadas de chuva. A temperatura estar\u00e1 em ligeira ascens\u00e3o. Regi\u00e3o Centro-Oeste \u2013 previs\u00e3o do tempo em\u00a018\/01\/2011:\u00a0No nordeste do MT, centro-norte de GO, no DF e sudoeste do MS: sol com varia\u00e7\u00e3o [&hellip;]<\/p>\n","protected":false},"author":3,"featured_media":28409,"comment_status":"open","ping_status":"open","sticky":false,"template":"","format":"standard","meta":{"_genesis_hide_title":false,"_genesis_hide_breadcrumbs":false,"_genesis_hide_singular_image":false,"_genesis_hide_footer_widgets":false,"_genesis_custom_body_class":"","_genesis_custom_post_class":"","_genesis_layout":"","_jetpack_memberships_contains_paid_content":false,"footnotes":""},"categories":[22],"tags":[],"class_list":{"0":"post-33195","1":"post","2":"type-post","3":"status-publish","4":"format-standard","5":"has-post-thumbnail","7":"category-brasil","8":"entry","9":"gs-1","10":"gs-odd","11":"gs-even","12":"gs-featured-content-entry"},"jetpack_featured_media_url":"https:\/\/www.redenoticia.com.br\/noticia\/imagens\/previsao-do-tempo-e-temperatura.jpg","jetpack_sharing_enabled":true,"jetpack_likes_enabled":true,"_links":{"self":[{"href":"https:\/\/www.redenoticia.com.br\/noticia\/wp-json\/wp\/v2\/posts\/33195","targetHints":{"allow":["GET"]}}],"collection":[{"href":"https:\/\/www.redenoticia.com.br\/noticia\/wp-json\/wp\/v2\/posts"}],"about":[{"href":"https:\/\/www.redenoticia.com.br\/noticia\/wp-json\/wp\/v2\/types\/post"}],"author":[{"embeddable":true,"href":"https:\/\/www.redenoticia.com.br\/noticia\/wp-json\/wp\/v2\/users\/3"}],"replies":[{"embeddable":true,"href":"https:\/\/www.redenoticia.com.br\/noticia\/wp-json\/wp\/v2\/comments?post=33195"}],"version-history":[{"count":0,"href":"https:\/\/www.redenoticia.com.br\/noticia\/wp-json\/wp\/v2\/posts\/33195\/revisions"}],"wp:featuredmedia":[{"embeddable":true,"href":"https:\/\/www.redenoticia.com.br\/noticia\/wp-json\/wp\/v2\/media\/28409"}],"wp:attachment":[{"href":"https:\/\/www.redenoticia.com.br\/noticia\/wp-json\/wp\/v2\/media?parent=33195"}],"wp:term":[{"taxonomy":"category","embeddable":true,"href":"https:\/\/www.redenoticia.com.br\/noticia\/wp-json\/wp\/v2\/categories?post=33195"},{"taxonomy":"post_tag","embeddable":true,"href":"https:\/\/www.redenoticia.com.br\/noticia\/wp-json\/wp\/v2\/tags?post=33195"}],"curies":[{"name":"wp","href":"https:\/\/api.w.org\/{rel}","templated":true}]}}