{"id":33183,"date":"2011-01-16T16:36:22","date_gmt":"2011-01-16T20:36:22","guid":{"rendered":"http:\/\/www.redenoticia.com.br\/noticia\/?p=33183"},"modified":"2011-01-17T11:27:08","modified_gmt":"2011-01-17T15:27:08","slug":"meteorologia-%e2%80%93-previsao-do-tempo-para-esta-segunda-feira-1701","status":"publish","type":"post","link":"https:\/\/www.redenoticia.com.br\/noticia\/2011\/meteorologia-%e2%80%93-previsao-do-tempo-para-esta-segunda-feira-1701\/33183","title":{"rendered":"Meteorologia: previs\u00e3o do tempo para esta segunda-feira 17\/01"},"content":{"rendered":"<p><img loading=\"lazy\" decoding=\"async\" class=\"alignleft size-full wp-image-28409\" title=\"previsao do tempo e temperatura\" src=\"https:\/\/www.redenoticia.com.br\/noticia\/imagens\/previsao-do-tempo-e-temperatura.jpg\" alt=\"\" width=\"300\" height=\"193\" srcset=\"https:\/\/www.redenoticia.com.br\/noticia\/imagens\/previsao-do-tempo-e-temperatura.jpg 300w, https:\/\/www.redenoticia.com.br\/noticia\/imagens\/previsao-do-tempo-e-temperatura-250x160.jpg 250w, https:\/\/www.redenoticia.com.br\/noticia\/imagens\/previsao-do-tempo-e-temperatura-150x96.jpg 150w\" sizes=\"auto, (max-width: 300px) 100vw, 300px\" \/><\/p>\n<p>Previs\u00e3o do tempo\u00a0\u2013 a\u00a0<strong><em>meteorologia<\/em><\/strong> divulgou a <strong><em>previs\u00e3o do tempo<\/em><\/strong> e\u00a0<strong><em>temperatura<\/em><\/strong> para nesta segunda-feira (17\/01) e informa que a Zona de Converg\u00eancia de Umidade j\u00e1 n\u00e3o mais estar\u00e1 configurada, no entanto, o calor e a alta umidade do ar dever\u00e3o ditar a condi\u00e7\u00e3o de tempo entre o Norte, Centro-Oeste e sobre boa parte do Sudeste do Brasil, al\u00e9m do MA e de parte do PI. Segundo a previs\u00e3o do tempo em toda esta \u00e1rea, haver\u00e1 pancada de chuva, principalmente a partir da tarde e a chuva poder\u00e1 ser localmente fortes, devendo vir acompanhadas de raios e rajadas de vento, inclusive na capital paulista e de MG o que poder\u00e1 trazer transtornos \u00e0 popula\u00e7\u00e3o das \u00e1reas atingidas. Nas \u00e1reas de serra do RJ, regi\u00e3o bastante castigada pelas chuvas nos \u00faltimos dias, a condi\u00e7\u00e3o tamb\u00e9m ser\u00e1 de calor e pancadas de chuva a partir da tarde. Dados da previs\u00e3o do tempo indicam que localmente haver\u00e1 condi\u00e7\u00e3o de chuva forte em \u00e1reas da regi\u00e3o serrana do RJ, por isso, esta \u00e1rea ainda permanece em alerta, j\u00e1 que permanece a chance de alagamentos e deslizamentos de terra. Sobre o PR e SC haver\u00e1 pancada de chuva devido a presen\u00e7a de \u00e1reas de instabilidade associada ao calor, umidade e ao padr\u00e3o de vento em altitude. A previs\u00e3o do tempo destaca que sobre o RS haver\u00e1 pancada de chuva devido a presen\u00e7a de \u00e1reas de instabilidade e \u00e0 aproxima\u00e7\u00e3o de uma frente fria no final do dia. Predom\u00ednio de sol em grande parte do centro-leste da Regi\u00e3o Nordeste e norte de RR As temperaturas ficar\u00e3o elevadas em grande parte do pa\u00eds.<\/p>\n<p>Vale do Para\u00edba \u2013 previs\u00e3o do tempo na segunda-feira (17\/01) tamb\u00e9m haver\u00e1 varia\u00e7\u00e3o de nebulosidade e pancadas de chuva em toda a regi\u00e3o, que dever\u00e3o ser principalmente \u00e0 partir da tarde e de forma localizada. A temperatura n\u00e3o ter\u00e1 mudan\u00e7a significativa.<\/p>\n<p>Regi\u00e3o Centro-Oeste \u2013 previs\u00e3o do tempo em\u00a017\/01\/2011:\u00a0Em todas as \u00e1reas da Regi\u00e3o: sol com varia\u00e7\u00e3o de nuvens e pancadas de chuva isoladas. Temperaturas est\u00e1veis. Temperatura m\u00e1xima: 34C no noroeste do MT. Temperatura m\u00ednima: 18C no sul do MS.<\/p>\n<p>Regi\u00e3o Nordeste \u2013 previs\u00e3o do tempo em\u00a017\/01\/2011:\u00a0No litoral da BA, do SE e AL: sol entre nuvens e possibilidade de pancadas de chuva. Na faixa leste da Regi\u00e3o: sol entre poucas nuvens. Nas demais \u00e1reas: nebulosidade vari\u00e1vel e pancadas de chuva. Temperaturas est\u00e1veis. Temperatura m\u00e1xima: 36C no norte do MA. Temperatura m\u00ednima: 18C no interior da BA.<\/p>\n<p>Regi\u00e3o Norte \u2013 previs\u00e3o do tempo em\u00a017\/01\/2011:\u00a0No norte de Roraima: nebulosidade vari\u00e1vel. Nas demais \u00e1reas da Regi\u00e3o: sol com varia\u00e7\u00e3o de nuvens e pancadas de chuva. Temperaturas est\u00e1veis. Temperatura m\u00e1xima: 35C no oeste do AM. Temperatura m\u00ednima: 16C no noroeste de RR.<\/p>\n<p>Regi\u00e3o Sudeste \u2013 previs\u00e3o do tempo em\u00a017\/01\/2011:\u00a0No nordeste do RJ e leste do ES: sol entre poucas nuvens. No norte do RJ, oeste do ES e nordeste de MG: nebulosidade vari\u00e1vel e possibilidade de pancadas de chuva. Nas demais \u00e1reas: sol entre nuvens e pancadas de chuva. Temperaturas est\u00e1veis. Temperatura m\u00e1xima: 34C no oeste de SP. Temperatura m\u00ednima: 16C no leste de SP.<\/p>\n<p>Regi\u00e3o Sul \u2013 previs\u00e3o do tempo em\u00a017\/01\/2011:\u00a0Em todas as \u00e1reas da Regi\u00e3o: sol com varia\u00e7\u00e3o de nuvens e pancadas de chuva isoladas. Temperaturas est\u00e1veis. Temperatura m\u00e1xima: 34C no oeste da Regi\u00e3o Sul. Temperatura m\u00ednima: 14C nas serras ga\u00fachas e catarinenses.<\/p>\n<p>Previs\u00e3o do tempo e temperatura CPTEC<\/p>\n","protected":false},"excerpt":{"rendered":"<p>Previs\u00e3o do tempo\u00a0\u2013 a\u00a0meteorologia divulgou a previs\u00e3o do tempo e\u00a0temperatura para nesta segunda-feira (17\/01) e informa que a Zona de Converg\u00eancia de Umidade j\u00e1 n\u00e3o mais estar\u00e1 configurada, no entanto, o calor e a alta umidade do ar dever\u00e3o ditar a condi\u00e7\u00e3o de tempo entre o Norte, Centro-Oeste e sobre boa parte do Sudeste do [&hellip;]<\/p>\n","protected":false},"author":3,"featured_media":28409,"comment_status":"open","ping_status":"open","sticky":false,"template":"","format":"standard","meta":{"_genesis_hide_title":false,"_genesis_hide_breadcrumbs":false,"_genesis_hide_singular_image":false,"_genesis_hide_footer_widgets":false,"_genesis_custom_body_class":"","_genesis_custom_post_class":"","_genesis_layout":"","_jetpack_memberships_contains_paid_content":false,"footnotes":""},"categories":[22],"tags":[],"class_list":{"0":"post-33183","1":"post","2":"type-post","3":"status-publish","4":"format-standard","5":"has-post-thumbnail","7":"category-brasil","8":"entry","9":"gs-1","10":"gs-odd","11":"gs-even","12":"gs-featured-content-entry"},"jetpack_featured_media_url":"https:\/\/www.redenoticia.com.br\/noticia\/imagens\/previsao-do-tempo-e-temperatura.jpg","jetpack_sharing_enabled":true,"jetpack_likes_enabled":true,"_links":{"self":[{"href":"https:\/\/www.redenoticia.com.br\/noticia\/wp-json\/wp\/v2\/posts\/33183","targetHints":{"allow":["GET"]}}],"collection":[{"href":"https:\/\/www.redenoticia.com.br\/noticia\/wp-json\/wp\/v2\/posts"}],"about":[{"href":"https:\/\/www.redenoticia.com.br\/noticia\/wp-json\/wp\/v2\/types\/post"}],"author":[{"embeddable":true,"href":"https:\/\/www.redenoticia.com.br\/noticia\/wp-json\/wp\/v2\/users\/3"}],"replies":[{"embeddable":true,"href":"https:\/\/www.redenoticia.com.br\/noticia\/wp-json\/wp\/v2\/comments?post=33183"}],"version-history":[{"count":0,"href":"https:\/\/www.redenoticia.com.br\/noticia\/wp-json\/wp\/v2\/posts\/33183\/revisions"}],"wp:featuredmedia":[{"embeddable":true,"href":"https:\/\/www.redenoticia.com.br\/noticia\/wp-json\/wp\/v2\/media\/28409"}],"wp:attachment":[{"href":"https:\/\/www.redenoticia.com.br\/noticia\/wp-json\/wp\/v2\/media?parent=33183"}],"wp:term":[{"taxonomy":"category","embeddable":true,"href":"https:\/\/www.redenoticia.com.br\/noticia\/wp-json\/wp\/v2\/categories?post=33183"},{"taxonomy":"post_tag","embeddable":true,"href":"https:\/\/www.redenoticia.com.br\/noticia\/wp-json\/wp\/v2\/tags?post=33183"}],"curies":[{"name":"wp","href":"https:\/\/api.w.org\/{rel}","templated":true}]}}