{"id":33170,"date":"2011-01-14T16:55:13","date_gmt":"2011-01-14T20:55:13","guid":{"rendered":"http:\/\/www.redenoticia.com.br\/noticia\/?p=33170"},"modified":"2011-01-15T09:52:35","modified_gmt":"2011-01-15T13:52:35","slug":"meteorologia-%e2%80%93-previsao-do-tempo-para-este-sabado-1501","status":"publish","type":"post","link":"https:\/\/www.redenoticia.com.br\/noticia\/2011\/meteorologia-%e2%80%93-previsao-do-tempo-para-este-sabado-1501\/33170","title":{"rendered":"Meteorologia \u2013 previs\u00e3o do tempo para este s\u00e1bado 15\/01"},"content":{"rendered":"<p><img loading=\"lazy\" decoding=\"async\" class=\"alignleft size-full wp-image-28409\" title=\"previsao do tempo e temperatura\" src=\"https:\/\/www.redenoticia.com.br\/noticia\/imagens\/previsao-do-tempo-e-temperatura.jpg\" alt=\"\" width=\"300\" height=\"193\" srcset=\"https:\/\/www.redenoticia.com.br\/noticia\/imagens\/previsao-do-tempo-e-temperatura.jpg 300w, https:\/\/www.redenoticia.com.br\/noticia\/imagens\/previsao-do-tempo-e-temperatura-250x160.jpg 250w, https:\/\/www.redenoticia.com.br\/noticia\/imagens\/previsao-do-tempo-e-temperatura-150x96.jpg 150w\" sizes=\"auto, (max-width: 300px) 100vw, 300px\" \/>Previs\u00e3o do tempo\u00a0\u2013 a\u00a0<strong><em>meteorologia<\/em><\/strong> divulgou a <strong><em>previs\u00e3o do tempo<\/em><\/strong> e temperatura\u00a0para este s\u00e1bado (15\/01) e informa que a Zona de Converg\u00eancia do Atl\u00e2ntico Sul (ZCAS) continuar\u00e1 atuando sobre o pa\u00eds e por isso haver\u00e1 muitas nuvens e pancadas de chuva na Regi\u00e3o Norte, Centro-Oeste e sobre MG, ES e RJ. Segundo a previs\u00e3o do tempo em algumas localidades a chuva poder\u00e1 ser mais forte e causar transtornos \u00e0 popula\u00e7\u00e3o. Por isso, recomenda-se acompanhar os boletins de tempo e orienta\u00e7\u00f5es da Defesa Civil. Dados da previs\u00e3o do tempo indicam que no leste do Nordeste o dia ser\u00e1 de sol e varia\u00e7\u00e3o de nuvens. Na faixa litor\u00e2nea de SP at\u00e9 o litoral nordeste de SC e sul de SP o tempo ficar\u00e1 encoberto com chuva isolada. No sul do RS o sol aparecer\u00e1 entre poucas nuvens. Nas demais \u00e1reas do RS e de SC o calor e a alta umidade causar\u00e3o pancadas de chuva. Nas demais \u00e1reas do pa\u00eds a chance de pancadas de chuva ser\u00e1 menor. A previs\u00e3o do tempo destaca que as temperaturas estar\u00e3o est\u00e1veis.<\/p>\n<p>Vale do Para\u00edba \u2013 previs\u00e3o do tempo no s\u00e1bado (15\/01) persiste a condi\u00e7\u00e3o de muita nebulosidade e r\u00e1pidas aberturas de sol, por\u00e9m a chuva poder\u00e1 ocorrer e qualquer hora do dia, de forma fraca e isolada. A temperatura estar\u00e1 est\u00e1vel.<\/p>\n<p>Regi\u00e3o Centro-Oeste \u2013 previs\u00e3o do tempo em\u00a015\/01\/2011: No norte e leste do MT, centro-norte de GO e no DF: nublado com pancadas de chuva. No centro-sudoeste do MS: sol e varia\u00e7\u00e3o de nuvens. No leste e sul do MS: pequena chance de pancadas de chuva. Nas demais \u00e1reas da Regi\u00e3o: sol com varia\u00e7\u00e3o de nuvens e pancadas de chuva. Temperaturas est\u00e1veis. Temperatura m\u00e1xima: 34C no noroeste do MT. Temperatura m\u00ednima: 18C no sul do MS.<\/p>\n<p>Regi\u00e3o Nordeste \u2013 previs\u00e3o do tempo em\u00a015\/01\/2011: Em toda faixa leste do nordeste: sol e varia\u00e7\u00e3o de nuvens. No leste do CE, oeste do RN e da PB, interior de PE e centro-norte da BA: sol e poucas nuvens. No oeste do CE, nordeste e sudeste do PI e centro-noroeste da BA: pequena chance de pancadas de chuva. Nas demais \u00e1reas da regi\u00e3o: sol, varia\u00e7\u00e3o de nuvens e pancadas de chuva. Temperaturas est\u00e1veis. Temperatura m\u00e1xima: 36C no norte do MA. Temperatura m\u00ednima: 18C no interior da BA.<\/p>\n<p>Regi\u00e3o Norte \u2013 previs\u00e3o do tempo em 15\/01\/2011: No sul do PA: nublado com pancadas de chuva. Nas demais \u00e1reas da Regi\u00e3o: sol com varia\u00e7\u00e3o de nuvens e pancadas de chuva. Temperaturas est\u00e1veis. Temperatura m\u00e1xima: 35C no oeste do AM. Temperatura m\u00ednima: 16C no noroeste de RR.<\/p>\n<p>Regi\u00e3o Sudeste \u2013 previs\u00e3o do tempo em\u00a015\/01\/2011: No extremo nordeste de MG: sol com varia\u00e7\u00e3o de nuvens. No norte, nordeste, oeste de MG, norte do ES e extremo nordeste de SP: sol com nebulosidade vari\u00e1vel e pancadas de chuva. No sul de MG e do RJ e nordeste de SP: sol com varia\u00e7\u00e3o de nuvens e pancadas de chuva a partir da tarde. No centro-leste de SP: possibilidade de chuva. No oeste e norte de SP: sol com varia\u00e7\u00e3o de nuvens e possibilidade de pancadas de chuva. No sul de SP: tempo encoberto com chuva isolada. Na faixa litor\u00e2nea de SP: chuvas isoladas. Nas demais \u00e1reas de SP: nublado com pancadas de chuva. Temperaturas amenas no leste de MG. Temperatura m\u00e1xima: 34C no oeste de SP. Temperatura m\u00ednima: 16C no leste de SP.<\/p>\n<p>Regi\u00e3o Sul \u2013 previs\u00e3o do tempo em\u00a015\/01\/2011: Na faixa litor\u00e2nea do PR e leste de SC: tempo encoberto com chuvas isoladas. No oeste do PR e extremo noroeste de SC: poucas aberturas de sol com varia\u00e7\u00e3o de nuvens e possibilidade de pancadas de chuva. Nas demais \u00e1reas do PR: as chances de pancadas de chuva tamb\u00e9m ser\u00e3o pequenas, por\u00e9m a partir da tarde. No extremo sul de SC, noroeste e centro-leste do RS: sol com varia\u00e7\u00e3o de nuvens e pancadas de chuva. No sul e sudoeste do RS: sol e poucas nuvens. Nas demais \u00e1reas da regi\u00e3o: nublado com pancadas de chuva. Temperaturas est\u00e1veis. Temperatura m\u00e1xima: 34C no oeste da Regi\u00e3o Sul. Temperatura m\u00ednima: 14C nas serras ga\u00fachas e catarinenses.<\/p>\n<p>Previs\u00e3o do tempo e temperatura CPTEC<\/p>\n","protected":false},"excerpt":{"rendered":"<p>Previs\u00e3o do tempo\u00a0\u2013 a\u00a0meteorologia divulgou a previs\u00e3o do tempo e temperatura\u00a0para este s\u00e1bado (15\/01) e informa que a Zona de Converg\u00eancia do Atl\u00e2ntico Sul (ZCAS) continuar\u00e1 atuando sobre o pa\u00eds e por isso haver\u00e1 muitas nuvens e pancadas de chuva na Regi\u00e3o Norte, Centro-Oeste e sobre MG, ES e RJ. Segundo a previs\u00e3o do tempo [&hellip;]<\/p>\n","protected":false},"author":3,"featured_media":28409,"comment_status":"open","ping_status":"open","sticky":false,"template":"","format":"standard","meta":{"_genesis_hide_title":false,"_genesis_hide_breadcrumbs":false,"_genesis_hide_singular_image":false,"_genesis_hide_footer_widgets":false,"_genesis_custom_body_class":"","_genesis_custom_post_class":"","_genesis_layout":"","_jetpack_memberships_contains_paid_content":false,"footnotes":""},"categories":[22],"tags":[],"class_list":{"0":"post-33170","1":"post","2":"type-post","3":"status-publish","4":"format-standard","5":"has-post-thumbnail","7":"category-brasil","8":"entry","9":"gs-1","10":"gs-odd","11":"gs-even","12":"gs-featured-content-entry"},"jetpack_featured_media_url":"https:\/\/www.redenoticia.com.br\/noticia\/imagens\/previsao-do-tempo-e-temperatura.jpg","jetpack_sharing_enabled":true,"jetpack_likes_enabled":true,"_links":{"self":[{"href":"https:\/\/www.redenoticia.com.br\/noticia\/wp-json\/wp\/v2\/posts\/33170","targetHints":{"allow":["GET"]}}],"collection":[{"href":"https:\/\/www.redenoticia.com.br\/noticia\/wp-json\/wp\/v2\/posts"}],"about":[{"href":"https:\/\/www.redenoticia.com.br\/noticia\/wp-json\/wp\/v2\/types\/post"}],"author":[{"embeddable":true,"href":"https:\/\/www.redenoticia.com.br\/noticia\/wp-json\/wp\/v2\/users\/3"}],"replies":[{"embeddable":true,"href":"https:\/\/www.redenoticia.com.br\/noticia\/wp-json\/wp\/v2\/comments?post=33170"}],"version-history":[{"count":0,"href":"https:\/\/www.redenoticia.com.br\/noticia\/wp-json\/wp\/v2\/posts\/33170\/revisions"}],"wp:featuredmedia":[{"embeddable":true,"href":"https:\/\/www.redenoticia.com.br\/noticia\/wp-json\/wp\/v2\/media\/28409"}],"wp:attachment":[{"href":"https:\/\/www.redenoticia.com.br\/noticia\/wp-json\/wp\/v2\/media?parent=33170"}],"wp:term":[{"taxonomy":"category","embeddable":true,"href":"https:\/\/www.redenoticia.com.br\/noticia\/wp-json\/wp\/v2\/categories?post=33170"},{"taxonomy":"post_tag","embeddable":true,"href":"https:\/\/www.redenoticia.com.br\/noticia\/wp-json\/wp\/v2\/tags?post=33170"}],"curies":[{"name":"wp","href":"https:\/\/api.w.org\/{rel}","templated":true}]}}