{"id":33167,"date":"2011-01-14T14:34:29","date_gmt":"2011-01-14T18:34:29","guid":{"rendered":"http:\/\/www.redenoticia.com.br\/noticia\/?p=33167"},"modified":"2011-01-14T14:34:29","modified_gmt":"2011-01-14T18:34:29","slug":"sp-inicia-campanha-para-arrecadar-donativos","status":"publish","type":"post","link":"https:\/\/www.redenoticia.com.br\/noticia\/2011\/sp-inicia-campanha-para-arrecadar-donativos\/33167","title":{"rendered":"SP inicia campanha para arrecadar donativos"},"content":{"rendered":"<h2><span style=\"font-weight: normal; font-size: 13px;\">O governador Geraldo Alckmin determinou ao Fundo  de Solidariedade e de Desenvolvimento Social e Cultural do Estado de S\u00e3o Paulo  (Fussesp), \u00e0 Coordenadoria Estadual de Defesa Civil (Cedec) e \u00e0 Secretaria  Desenvolvimento Social, a organiza\u00e7\u00e3o de uma campanha de <\/span><span style=\"font-size: 13px;\"><em>arrecada\u00e7\u00e3o de  donativos<\/em><\/span><span style=\"font-weight: normal; font-size: 13px;\"> para as v\u00edtimas das chuvas na regi\u00e3o serrana do Rio de Janeiro e nos  munic\u00edpios paulistas tamb\u00e9m afetados pelas enchentes.<\/span><\/h2>\n<p>Os artigos de maior  necessidade s\u00e3o materiais de limpeza, higiene pessoal, alimentos n\u00e3o perec\u00edveis  e \u00e1gua pot\u00e1vel. As doa\u00e7\u00f5es poder\u00e3o ser a partir deste s\u00e1bado, 15, na sede da  Secretaria de Desenvolvimento Social, no Centro de Esporte, Cultura e Lazer do  Parque Estadual Fontes do Ipiranga, Diretoria Regional de Desenvolvimento Social  da Capital, nas bases da Pol\u00edcia Militar (PM) e nas unidades do Corpo de  Bombeiros instaladas em todo o Estado. O Fussesp ficar\u00e1 respons\u00e1vel pela  distribui\u00e7\u00e3o dos itens arrecadados.<\/p>\n<p>Desde o in\u00edcio da Opera\u00e7\u00e3o Ver\u00e3o  2011, o Governo de S\u00e3o Paulo j\u00e1 encaminhou mais de duas toneladas de itens de  primeira necessidade para os munic\u00edpios castigados pelas fortes chuvas. De  acordo com a Cedec, 73 cidades paulistas foram afetadas pelos temporais. A maior  parte delas est\u00e3o concentradas nas regi\u00f5es de Campinas, Vale do Para\u00edba, Baixada  Santista e Metropolitana.<\/p>\n<p>Mais informa\u00e7\u00f5es no <a href=\"http:\/\/www.defesacivil.sp.gov.br\/\" target=\"_blank\">site da Defesa  Civil<\/a>.<\/p>\n<p>Ajuda ao Rio de Janeiro<\/p>\n<p>Al\u00e9m dos  donativos ao Estado do Rio de Janeiro, o Governo de S\u00e3o Paulo enviar\u00e1 um perito  criminal e dois m\u00e9dicos legistas para a capital fluminense. Os profissionais  auxiliar\u00e3o as equipes do Estado na identifica\u00e7\u00e3o e libera\u00e7\u00e3o de corpos das  v\u00edtimas das enchentes.<\/p>\n","protected":false},"excerpt":{"rendered":"<p>O governador Geraldo Alckmin determinou ao Fundo de Solidariedade e de Desenvolvimento Social e Cultural do Estado de S\u00e3o Paulo (Fussesp), \u00e0 Coordenadoria Estadual de Defesa Civil (Cedec) e \u00e0 Secretaria Desenvolvimento Social, a organiza\u00e7\u00e3o de uma campanha de arrecada\u00e7\u00e3o de donativos para as v\u00edtimas das chuvas na regi\u00e3o serrana do Rio de Janeiro e [&hellip;]<\/p>\n","protected":false},"author":3,"featured_media":0,"comment_status":"open","ping_status":"open","sticky":false,"template":"","format":"standard","meta":{"_genesis_hide_title":false,"_genesis_hide_breadcrumbs":false,"_genesis_hide_singular_image":false,"_genesis_hide_footer_widgets":false,"_genesis_custom_body_class":"","_genesis_custom_post_class":"","_genesis_layout":"","_jetpack_memberships_contains_paid_content":false,"footnotes":""},"categories":[22],"tags":[],"class_list":{"0":"post-33167","1":"post","2":"type-post","3":"status-publish","4":"format-standard","6":"category-brasil","7":"entry","8":"gs-1","9":"gs-odd","10":"gs-even","11":"gs-featured-content-entry"},"jetpack_featured_media_url":"","jetpack_sharing_enabled":true,"jetpack_likes_enabled":true,"_links":{"self":[{"href":"https:\/\/www.redenoticia.com.br\/noticia\/wp-json\/wp\/v2\/posts\/33167","targetHints":{"allow":["GET"]}}],"collection":[{"href":"https:\/\/www.redenoticia.com.br\/noticia\/wp-json\/wp\/v2\/posts"}],"about":[{"href":"https:\/\/www.redenoticia.com.br\/noticia\/wp-json\/wp\/v2\/types\/post"}],"author":[{"embeddable":true,"href":"https:\/\/www.redenoticia.com.br\/noticia\/wp-json\/wp\/v2\/users\/3"}],"replies":[{"embeddable":true,"href":"https:\/\/www.redenoticia.com.br\/noticia\/wp-json\/wp\/v2\/comments?post=33167"}],"version-history":[{"count":0,"href":"https:\/\/www.redenoticia.com.br\/noticia\/wp-json\/wp\/v2\/posts\/33167\/revisions"}],"wp:attachment":[{"href":"https:\/\/www.redenoticia.com.br\/noticia\/wp-json\/wp\/v2\/media?parent=33167"}],"wp:term":[{"taxonomy":"category","embeddable":true,"href":"https:\/\/www.redenoticia.com.br\/noticia\/wp-json\/wp\/v2\/categories?post=33167"},{"taxonomy":"post_tag","embeddable":true,"href":"https:\/\/www.redenoticia.com.br\/noticia\/wp-json\/wp\/v2\/tags?post=33167"}],"curies":[{"name":"wp","href":"https:\/\/api.w.org\/{rel}","templated":true}]}}