{"id":33163,"date":"2011-01-14T11:05:14","date_gmt":"2011-01-14T15:05:14","guid":{"rendered":"http:\/\/www.redenoticia.com.br\/noticia\/?p=33163"},"modified":"2011-01-14T11:05:14","modified_gmt":"2011-01-14T15:05:14","slug":"ferj-arrecada-mantimentos-para-as-vitimas-da-tragedia-rj","status":"publish","type":"post","link":"https:\/\/www.redenoticia.com.br\/noticia\/2011\/ferj-arrecada-mantimentos-para-as-vitimas-da-tragedia-rj\/33163","title":{"rendered":"FERJ arrecada mantimentos para as v\u00edtimas da trag\u00e9dia RJ"},"content":{"rendered":"<p>A Federa\u00e7\u00e3o de Futebol do Estado do Rio de Janeiro anuncia que apoiar\u00e1 as  v\u00edtimas da trag\u00e9dia da Regi\u00e3o Serrana fluminense, transformando os est\u00e1dios, em  dias de jogo, em <strong><em>postos de arrecada\u00e7\u00e3o de donativos<\/em><\/strong> (\u00e1gua pot\u00e1vel, alimentos,  roupas, cobertores, colchonetes e itens de higiene pessoal). A iniciativa come\u00e7a  nesse fim de semana nos amistosos entre Vasco e Serro Porte\u00f1o e Botafogo e  Democrata de Minas Gerais e ter\u00e1 continuidade durante todo o Campeonato Carioca  de 2011. A FERJ doar\u00e1 integralmente sua porcentagem na renda dos amistosos para  essa causa.<\/p>\n<p>&#8212;<\/p>\n<p>A Caixa Econ\u00f4mica Federal informa que foi aberta uma conta corrente para  ajudar as v\u00edtimas das chuvas no estado do Rio de Janeiro. As doa\u00e7\u00f5es aos  moradores das regi\u00f5es em estado de emerg\u00eancia podem ser feitas na conta da  Defesa Civil do Rio de Janeiro, n\u00famero 2011-0, ag\u00eancia 0199, opera\u00e7\u00e3o 006.<\/p>\n<p>Servi\u00e7o<br \/>\nConta da Defesa Civil \u2013 RJ<br \/>\nBanco: Caixa Econ\u00f4mica  Federal<br \/>\nAg\u00eancia: 0199<br \/>\nOpera\u00e7\u00e3o: 006<br \/>\nConta: 2011-0<\/p>\n<p>&#8212;<\/p>\n<p>O Bradesco anunciou a abertura de uma conta corrente para receber doa\u00e7\u00f5es em  solidariedade \u00e0s v\u00edtimas das enchentes que afetaram a regi\u00e3o serrana do Rio de  Janeiro. O primeiro dep\u00f3sito na conta foi feito pelo Bradesco.<\/p>\n<p>Banco Bradesco<br \/>\nAg\u00eancia: 6570-6<br \/>\nConta corrente: 2011 &#8211;  7<br \/>\nBenefici\u00e1rio:Fundo Estadual da Assist\u00eancia Social<\/p>\n","protected":false},"excerpt":{"rendered":"<p>A Federa\u00e7\u00e3o de Futebol do Estado do Rio de Janeiro anuncia que apoiar\u00e1 as v\u00edtimas da trag\u00e9dia da Regi\u00e3o Serrana fluminense, transformando os est\u00e1dios, em dias de jogo, em postos de arrecada\u00e7\u00e3o de donativos (\u00e1gua pot\u00e1vel, alimentos, roupas, cobertores, colchonetes e itens de higiene pessoal). A iniciativa come\u00e7a nesse fim de semana nos amistosos entre [&hellip;]<\/p>\n","protected":false},"author":3,"featured_media":0,"comment_status":"open","ping_status":"open","sticky":false,"template":"","format":"standard","meta":{"_genesis_hide_title":false,"_genesis_hide_breadcrumbs":false,"_genesis_hide_singular_image":false,"_genesis_hide_footer_widgets":false,"_genesis_custom_body_class":"","_genesis_custom_post_class":"","_genesis_layout":"","_jetpack_memberships_contains_paid_content":false,"footnotes":""},"categories":[22],"tags":[],"class_list":{"0":"post-33163","1":"post","2":"type-post","3":"status-publish","4":"format-standard","6":"category-brasil","7":"entry","8":"gs-1","9":"gs-odd","10":"gs-even","11":"gs-featured-content-entry"},"jetpack_featured_media_url":"","jetpack_sharing_enabled":true,"jetpack_likes_enabled":true,"_links":{"self":[{"href":"https:\/\/www.redenoticia.com.br\/noticia\/wp-json\/wp\/v2\/posts\/33163","targetHints":{"allow":["GET"]}}],"collection":[{"href":"https:\/\/www.redenoticia.com.br\/noticia\/wp-json\/wp\/v2\/posts"}],"about":[{"href":"https:\/\/www.redenoticia.com.br\/noticia\/wp-json\/wp\/v2\/types\/post"}],"author":[{"embeddable":true,"href":"https:\/\/www.redenoticia.com.br\/noticia\/wp-json\/wp\/v2\/users\/3"}],"replies":[{"embeddable":true,"href":"https:\/\/www.redenoticia.com.br\/noticia\/wp-json\/wp\/v2\/comments?post=33163"}],"version-history":[{"count":0,"href":"https:\/\/www.redenoticia.com.br\/noticia\/wp-json\/wp\/v2\/posts\/33163\/revisions"}],"wp:attachment":[{"href":"https:\/\/www.redenoticia.com.br\/noticia\/wp-json\/wp\/v2\/media?parent=33163"}],"wp:term":[{"taxonomy":"category","embeddable":true,"href":"https:\/\/www.redenoticia.com.br\/noticia\/wp-json\/wp\/v2\/categories?post=33163"},{"taxonomy":"post_tag","embeddable":true,"href":"https:\/\/www.redenoticia.com.br\/noticia\/wp-json\/wp\/v2\/tags?post=33163"}],"curies":[{"name":"wp","href":"https:\/\/api.w.org\/{rel}","templated":true}]}}