{"id":33161,"date":"2011-01-14T10:15:23","date_gmt":"2011-01-14T14:15:23","guid":{"rendered":"http:\/\/www.redenoticia.com.br\/noticia\/?p=33161"},"modified":"2018-08-13T10:36:13","modified_gmt":"2018-08-13T13:36:13","slug":"bbb-11-cristiano-conquista-lideranca-e-natalia-o-anjo","status":"publish","type":"post","link":"https:\/\/www.redenoticia.com.br\/noticia\/2011\/bbb-11-cristiano-conquista-lideranca-e-natalia-o-anjo\/33161","title":{"rendered":"BBB 11: Cristiano conquista lideran\u00e7a e Nat\u00e1lia o anjo"},"content":{"rendered":"<p><em><strong><img loading=\"lazy\" decoding=\"async\" class=\"alignleft size-full wp-image-22134\" title=\"BBB 11 Rede Globo\" src=\"https:\/\/www.redenoticia.com.br\/noticia\/imagens\/BBB-10-Rede-Globo.jpg\" alt=\"\" width=\"300\" height=\"193\" srcset=\"https:\/\/www.redenoticia.com.br\/noticia\/imagens\/BBB-10-Rede-Globo.jpg 300w, https:\/\/www.redenoticia.com.br\/noticia\/imagens\/BBB-10-Rede-Globo-250x161.jpg 250w, https:\/\/www.redenoticia.com.br\/noticia\/imagens\/BBB-10-Rede-Globo-150x97.jpg 150w\" sizes=\"auto, (max-width: 300px) 100vw, 300px\" \/>BBB 11<\/strong><\/em> \u2013 Cristiano vence a prova do <strong><em>l\u00edder<\/em><\/strong> e Nat\u00e1lia conquista o <strong><em>anjo<\/em><\/strong>. A prova do l\u00edder aconteceu durante o programa ao vivo na quinta-feira (13\/01), exibido pela Rede Globo. Bial excluiu Michelly da prova do l\u00edder porque ela j\u00e1 estava imunizada. Ele uniu os grupos Laranja e Vermelho para competir com os grupos Verde e Azul. Na prova os brothers tiveram que atravessar um circuito pendurados em uma garrafa. A prova teve in\u00edcio e foi paralisada para manuten\u00e7\u00e3o. Ap\u00f3s o retorno Cristiano foi o \u00faltimo a fazer a travessia, e conquistou a lideran\u00e7a. Com a conquista Cristiano tamb\u00e9m imunizou os demais integrantes da sua equipe (Nat\u00e1lia, Igor e Paula). O quarto do L\u00edder \u00e9 vermelho, cinza e marrom, e foi elogiado por todos os brothers. Cristiano dormiu com Ariadna e Jaqueline no quarto do l\u00edder.<\/p>\n<p>Na manh\u00e3 da sexta-feira (14\/01) Nat\u00e1lia conquistou o primeiro\u00a0<em>anjo<\/em> do BBB 11 e ganhou um carro. Ela venceu uma prova de memoriza\u00e7\u00e3o de cores. Ap\u00f3s a vit\u00f3ria Nat\u00e1lia \u00a0elegeu Diogo e Michelly para cuidar de um bebe abacaxi at\u00e9 domingo \u00e0 noite. Ela justificou que n\u00e3o escolheria integrantes do acampamento, e que Diogo vai divertir a todos sendo o pai do abacaxi.<\/p>\n<p>O BBB 11 vai ao ar no dia 11 de janeiro e se encerra no dia 29 de mar\u00e7o. Os grupos foram divididos em Vermelho (os belos): Talula, Maria, Rodrigo e Rodrig\u00e3o. Laranja:\u00a0Nat\u00e1lia, Igor, Paula e Cristiano. Azul: Jaque, Ariadna,\u00a0Maur\u00edcio, Daniel\u00a0e Diana. Verde: Diogo, Jana\u00edna, Lucival e Michelly.<\/p>\n<p>BBB 11<\/p>\n","protected":false},"excerpt":{"rendered":"<p>BBB 11 \u2013 Cristiano vence a prova do l\u00edder e Nat\u00e1lia conquista o anjo. A prova do l\u00edder aconteceu durante o programa ao vivo na quinta-feira (13\/01), exibido pela Rede Globo. Bial excluiu Michelly da prova do l\u00edder porque ela j\u00e1 estava imunizada. Ele uniu os grupos Laranja e Vermelho para competir com os grupos [&hellip;]<\/p>\n","protected":false},"author":3,"featured_media":22134,"comment_status":"open","ping_status":"open","sticky":false,"template":"","format":"standard","meta":{"_genesis_hide_title":false,"_genesis_hide_breadcrumbs":false,"_genesis_hide_singular_image":false,"_genesis_hide_footer_widgets":false,"_genesis_custom_body_class":"","_genesis_custom_post_class":"","_genesis_layout":"","_jetpack_memberships_contains_paid_content":false,"footnotes":""},"categories":[520,22,375,343],"tags":[],"class_list":{"0":"post-33161","1":"post","2":"type-post","3":"status-publish","4":"format-standard","5":"has-post-thumbnail","7":"category-big-brother-brasil","8":"category-brasil","9":"category-rede-globo","10":"category-televisao","11":"entry","12":"gs-1","13":"gs-odd","14":"gs-even","15":"gs-featured-content-entry"},"jetpack_featured_media_url":"https:\/\/www.redenoticia.com.br\/noticia\/imagens\/BBB-10-Rede-Globo.jpg","jetpack_sharing_enabled":true,"jetpack_likes_enabled":true,"_links":{"self":[{"href":"https:\/\/www.redenoticia.com.br\/noticia\/wp-json\/wp\/v2\/posts\/33161","targetHints":{"allow":["GET"]}}],"collection":[{"href":"https:\/\/www.redenoticia.com.br\/noticia\/wp-json\/wp\/v2\/posts"}],"about":[{"href":"https:\/\/www.redenoticia.com.br\/noticia\/wp-json\/wp\/v2\/types\/post"}],"author":[{"embeddable":true,"href":"https:\/\/www.redenoticia.com.br\/noticia\/wp-json\/wp\/v2\/users\/3"}],"replies":[{"embeddable":true,"href":"https:\/\/www.redenoticia.com.br\/noticia\/wp-json\/wp\/v2\/comments?post=33161"}],"version-history":[{"count":0,"href":"https:\/\/www.redenoticia.com.br\/noticia\/wp-json\/wp\/v2\/posts\/33161\/revisions"}],"wp:featuredmedia":[{"embeddable":true,"href":"https:\/\/www.redenoticia.com.br\/noticia\/wp-json\/wp\/v2\/media\/22134"}],"wp:attachment":[{"href":"https:\/\/www.redenoticia.com.br\/noticia\/wp-json\/wp\/v2\/media?parent=33161"}],"wp:term":[{"taxonomy":"category","embeddable":true,"href":"https:\/\/www.redenoticia.com.br\/noticia\/wp-json\/wp\/v2\/categories?post=33161"},{"taxonomy":"post_tag","embeddable":true,"href":"https:\/\/www.redenoticia.com.br\/noticia\/wp-json\/wp\/v2\/tags?post=33161"}],"curies":[{"name":"wp","href":"https:\/\/api.w.org\/{rel}","templated":true}]}}