{"id":33146,"date":"2011-01-13T07:59:06","date_gmt":"2011-01-13T11:59:06","guid":{"rendered":"http:\/\/www.redenoticia.com.br\/noticia\/?p=33146"},"modified":"2011-01-13T07:59:06","modified_gmt":"2011-01-13T11:59:06","slug":"novos-decretos-para-ajudar-familias-desabrigadas-em-sp","status":"publish","type":"post","link":"https:\/\/www.redenoticia.com.br\/noticia\/2011\/novos-decretos-para-ajudar-familias-desabrigadas-em-sp\/33146","title":{"rendered":"Novos decretos para ajudar fam\u00edlias desabrigadas em SP"},"content":{"rendered":"<h2><span style=\"font-weight: normal; font-size: 13px;\">O governador Geraldo Alckmin assinou dois  decretos para atender <\/span><span style=\"font-size: 13px;\"><em>fam\u00edlias desabrigadas<\/em><\/span><span style=\"font-weight: normal; font-size: 13px;\"> pelas <\/span><span style=\"font-size: 13px;\"><em>chuvas<\/em><\/span><span style=\"font-weight: normal; font-size: 13px;\"> que atingem o Estado  desde o in\u00edcio do ano. Os decretos n\u00ba 56.664 e 56.665, respectivamente,  instituem os Programas Novo Come\u00e7o e Aux\u00edlio-Moradia Emergencial e foram  publicados nesta quarta-feira, 12 de janeiro, no Di\u00e1rio Oficial.<\/span><\/h2>\n<p>Para serem atendidos, os munic\u00edpios devem ter  decretado estado de calamidade ou situa\u00e7\u00e3o de emerg\u00eancia, homologado por Decreto  do Governador do Estado, ap\u00f3s an\u00e1lise da Coordenadoria Estadual da Defesa Civil.  A rela\u00e7\u00e3o das fam\u00edlias que ser\u00e3o atendidas deve ser enviada pelo Munic\u00edpio \u00e0  CDHU. \u00c9 imprescind\u00edvel que a prefeitura demonstre que o im\u00f3vel foi total ou  parcialmente destru\u00eddo pelas chuvas, apresente problemas estruturais graves ou  esteja em \u00e1rea que apresente riscos \u00e0 sa\u00fade p\u00fablica ou sujeita a  desmoronamentos.<\/p>\n<p>O Programa Novo Come\u00e7o vai destinar R$ 1 mil, em  uma \u00fanica parcela, para fam\u00edlias indicadas pelas prefeituras municipais para a  aquisi\u00e7\u00e3o de m\u00f3veis e utens\u00edlios, por exemplo. Os recursos s\u00e3o provenientes do  Fundo Estadual de Assist\u00eancia Social (FEAS) e ser\u00e3o repassados \u00e0 Secretaria da  Habita\u00e7\u00e3o que, por meio da CDHU, operacionalizar\u00e1 o programa. As fam\u00edlias  receber\u00e3o o benef\u00edcio, preferencialmente, por meio de saques com cart\u00f5es  magn\u00e9ticos em ag\u00eancias do Banco do Brasil.<\/p>\n<p>Em complementa\u00e7\u00e3o ao Programa Novo Come\u00e7o, o  Aux\u00edlio-Moradia Emergencial beneficiar\u00e1 essas fam\u00edlias com um aux\u00edlio mensal de  R$ 300,00 at\u00e9 que elas possam retornar \u00e0s suas moradias ou, havendo impedimentos  para isso, at\u00e9 que recebam atendimento habitacional definitivo das esferas  Federal; Estadual ou Municipal.<\/p>\n","protected":false},"excerpt":{"rendered":"<p>O governador Geraldo Alckmin assinou dois decretos para atender fam\u00edlias desabrigadas pelas chuvas que atingem o Estado desde o in\u00edcio do ano. Os decretos n\u00ba 56.664 e 56.665, respectivamente, instituem os Programas Novo Come\u00e7o e Aux\u00edlio-Moradia Emergencial e foram publicados nesta quarta-feira, 12 de janeiro, no Di\u00e1rio Oficial. Para serem atendidos, os munic\u00edpios devem ter [&hellip;]<\/p>\n","protected":false},"author":3,"featured_media":0,"comment_status":"open","ping_status":"open","sticky":false,"template":"","format":"standard","meta":{"_genesis_hide_title":false,"_genesis_hide_breadcrumbs":false,"_genesis_hide_singular_image":false,"_genesis_hide_footer_widgets":false,"_genesis_custom_body_class":"","_genesis_custom_post_class":"","_genesis_layout":"","_jetpack_memberships_contains_paid_content":false,"footnotes":""},"categories":[22],"tags":[],"class_list":{"0":"post-33146","1":"post","2":"type-post","3":"status-publish","4":"format-standard","6":"category-brasil","7":"entry","8":"gs-1","9":"gs-odd","10":"gs-even","11":"gs-featured-content-entry"},"jetpack_featured_media_url":"","jetpack_sharing_enabled":true,"jetpack_likes_enabled":true,"_links":{"self":[{"href":"https:\/\/www.redenoticia.com.br\/noticia\/wp-json\/wp\/v2\/posts\/33146","targetHints":{"allow":["GET"]}}],"collection":[{"href":"https:\/\/www.redenoticia.com.br\/noticia\/wp-json\/wp\/v2\/posts"}],"about":[{"href":"https:\/\/www.redenoticia.com.br\/noticia\/wp-json\/wp\/v2\/types\/post"}],"author":[{"embeddable":true,"href":"https:\/\/www.redenoticia.com.br\/noticia\/wp-json\/wp\/v2\/users\/3"}],"replies":[{"embeddable":true,"href":"https:\/\/www.redenoticia.com.br\/noticia\/wp-json\/wp\/v2\/comments?post=33146"}],"version-history":[{"count":0,"href":"https:\/\/www.redenoticia.com.br\/noticia\/wp-json\/wp\/v2\/posts\/33146\/revisions"}],"wp:attachment":[{"href":"https:\/\/www.redenoticia.com.br\/noticia\/wp-json\/wp\/v2\/media?parent=33146"}],"wp:term":[{"taxonomy":"category","embeddable":true,"href":"https:\/\/www.redenoticia.com.br\/noticia\/wp-json\/wp\/v2\/categories?post=33146"},{"taxonomy":"post_tag","embeddable":true,"href":"https:\/\/www.redenoticia.com.br\/noticia\/wp-json\/wp\/v2\/tags?post=33146"}],"curies":[{"name":"wp","href":"https:\/\/api.w.org\/{rel}","templated":true}]}}