{"id":33135,"date":"2011-01-12T08:59:10","date_gmt":"2011-01-12T12:59:10","guid":{"rendered":"http:\/\/www.redenoticia.com.br\/noticia\/?p=33135"},"modified":"2011-01-12T08:59:10","modified_gmt":"2011-01-12T12:59:10","slug":"alckmin-anuncia-medidas-para-conter-enchentes-no-estado","status":"publish","type":"post","link":"https:\/\/www.redenoticia.com.br\/noticia\/2011\/alckmin-anuncia-medidas-para-conter-enchentes-no-estado\/33135","title":{"rendered":"Alckmin anuncia medidas para conter enchentes no Estado"},"content":{"rendered":"<p>O governador Geraldo Alckmin anunciou na tarde  desta ter\u00e7a-feira, 11, uma s\u00e9rie de <strong><em>medidas para a conten\u00e7\u00e3o das enchentes <\/em><\/strong>em  todo o Estado. Participaram da reuni\u00e3o o prefeito de S\u00e3o Paulo, Gilberto Kassab,  e a vice-prefeita, Alda Marco Ant\u00f4nio, al\u00e9m de secret\u00e1rios estaduais, municipais  e dirigentes de \u00f3rg\u00e3os p\u00fablicos.<\/p>\n<p>Ao final da reuni\u00e3o, realizada na sede  do Departamento de \u00c1guas e Energia El\u00e9trica (DAEE), foram estabelecidas uma  s\u00e9rie de provid\u00eancias que ser\u00e3o tomadas imediatamente, com prioridade para a  remo\u00e7\u00e3o de 4,1 milh\u00f5es de m\u00b3 de res\u00edduos do Rio Tiet\u00ea e 1,5 milh\u00e3o de m\u00b3 de  detritos das \u00e1guas do Rio Pinheiros, al\u00e9m de libera\u00e7\u00e3o de verbas para conclus\u00e3o  da primeira etapa do Parque V\u00e1rzeas do Tiet\u00ea e cess\u00e3o de equipamentos e pessoal  do DAEE e da Sabesp para auxiliar na limpeza de bueiros, lavagem das vias e  retirada de entulho, e equipes da Defesa Civil para auxiliar no socorro \u00e0s  v\u00edtimas e busca por desaparecidos.<\/p>\n<p>&#8220;N\u00f3s estamos autorizando tudo: o que  far\u00edamos em dois anos, n\u00f3s vamos fazer at\u00e9 o fim do ano. Ser\u00e3o 2,1 milh\u00f5es de  metros c\u00fabicos de material assoreado que vai ser retirado do Rio Tiet\u00ea e 1,5  milh\u00e3o de metros c\u00fabicos do Rio Pinheiros. D\u00e1 3,6 milh\u00f5es. E mais 580 mil metros  c\u00fabicos da barragem da Penha para o C\u00f3rrego Tr\u00eas Pontes, no Parque Ecol\u00f3gico do  Tiet\u00ea&#8221;, declarou Alckmin.<\/p>\n<p>A retirada de res\u00edduos ser\u00e1 feita da seguinte  forma: 2,1 milh\u00f5es de m\u00b3 das \u00e1guas do Rio Tiet\u00ea entre a barragem Penha e a  barragem Edgar de Souza -outros 580 mil m\u00b3 sair\u00e3o do trecho acima da barragem da  Penha; e 1,5 milh\u00e3o de m\u00b3 das \u00e1guas do Rio Pinheiros. Em 2010, j\u00e1 foram  retirados quase 1 milh\u00e3o de m\u00b3.<\/p>\n<p>Piscin\u00e3o Jaboticabal<br \/>\n&#8220;N\u00f3s temos hoje, em obra, um piscin\u00e3o, que \u00e9 o Piscin\u00e3o Olaria, em  S\u00e3o Paulo, na bacia do Pirajussara, ao lado de Tabo\u00e3o da Serra, e autorizamos  licitar mais um piscin\u00e3o, em S\u00e3o Paulo divisa com S\u00e3o Caetano, com (capacidade  de) reservar 900 mil m\u00b3 de \u00e1gua&#8221;, anunciou o governador. O Piscin\u00e3o Jaboticabal,  a ser constru\u00eddo, ter\u00e1 investimentos de R$ 75 milh\u00f5es e ser\u00e1 o maior do Estado.  A licita\u00e7\u00e3o deve acontecer em fevereiro e as obras devem durar 36 meses. &#8220;E em  Guarulhos, na divisa S\u00e3o Paulo-Guarulhos, praticamente do lado do Tiet\u00ea, um  grande sistema de canais que vai ser todo ele desassoreado e trabalhado&#8221;,  acrescentou Alckmin.<\/p>\n<p>A Empresa Metropolitana de \u00c1guas e Energia (EMAE),  por meio do Governo do Estado, vai investir R$ 190 milh\u00f5es na instala\u00e7\u00e3o de mais  tr\u00eas bombas para aumentar a vaz\u00e3o no Rio Pinheiros. Duas delas ser\u00e3o instaladas  na Usina de Trai\u00e7\u00e3o e uma terceira em Pedreira. A obra deve ser conclu\u00edda at\u00e9  2013.<\/p>\n<p>Prefeitura<br \/>\nCinco m\u00e1quinas escavadeiras do DAEE  foram cedidas \u00e0 Prefeitura de S\u00e3o Paulo para auxiliar no trabalho de limpeza de  vias e retiradas de entulho dos locais castigados pelas chuvas.<\/p>\n<p>Tamb\u00e9m a  Sabesp firmar\u00e1 contrato com a Prefeitura, em car\u00e1ter emergencial, para auxiliar  na limpeza de bueiros. Atualmente j\u00e1 h\u00e1 32 caminh\u00f5es em circula\u00e7\u00e3o; e mais 10  entrar\u00e3o em opera\u00e7\u00e3o imediatamente. Outros 40 ser\u00e3o adicionados em at\u00e9 72 horas,  totalizando um adicional de 50 novos caminh\u00f5es limpa bueiro, especialmente  destinados para a limpeza das regi\u00f5es das bacias do Tiet\u00ea, Pinheiros, Aricanduva  e Piraju\u00e7ara.<\/p>\n<p>Ainda ser\u00e3o instaladas tendas prestando informa\u00e7\u00f5es de  a\u00e7\u00f5es de higiene e limpeza nas \u00e1reas mais afetadas, inclusive com a distribui\u00e7\u00e3o  de cloro. As a\u00e7\u00f5es do Programa C\u00f3rrego Limpo ainda ser\u00e3o aceleradas no que diz  respeito \u00e0 despolui\u00e7\u00e3o, reurbaniza\u00e7\u00e3o e reflorestamento dos entornos dos 100  c\u00f3rregos da capital.<\/p>\n<p>Infraestrutura<br \/>\n&#8220;No Pinheiros,  autorizamos a EMAE a instalar mais tr\u00eas bombas no Rio Pinheiros. Duas na  elevat\u00f3ria de Trai\u00e7\u00e3o e uma na elevat\u00f3ria de Pedreira. E com isso n\u00f3s vamos  aumentar em quase 60% a capacidade de bombeamento do Pinheiros para a Billings&#8221;,  disse Alckmin. A Empresa Metropolitana de \u00c1guas e Energia (EMAE), por meio do  Governo do Estado, est\u00e1 investindo R$ 190 milh\u00f5es na instala\u00e7\u00e3o equipamentos. A  obra deve ser conclu\u00edda at\u00e9 2013.<\/p>\n<p>No Rio Tiet\u00ea, ser\u00e1 constru\u00eddo um dique  na altura da Ponte Aricanduva, visando conter o excesso de \u00e1gua em ocasi\u00f5es de  chuva. O projeto executivo est\u00e1 em fase de conclus\u00e3o pelo DAEE. A licita\u00e7\u00e3o  acontecer\u00e1 em abril e as obras come\u00e7ar\u00e3o em agosto. Ser\u00e3o investidos R$ 16  milh\u00f5es no projeto.<\/p>\n<p>V\u00e1rzeas<br \/>\nO BID acaba de aprovar o  financiamento de R$ 400 milh\u00f5es para a primeira fase do Parque Linear V\u00e1rzeas do  Tiet\u00ea, que vai da Barragem da Penha at\u00e9 Sales\u00f3polis. O Governo do Estado apenas  aguarda aprova\u00e7\u00e3o do Senado para obter o recurso. Este \u00e9 o mais importante  projeto de recupera\u00e7\u00e3o de margens e v\u00e1rzeas do Rio Tiet\u00ea. Al\u00e9m disso, tamb\u00e9m  ser\u00e3o liberados R$ 8 milh\u00f5es para a canaliza\u00e7\u00e3o do C\u00f3rrego Tr\u00eas Pontes, em  Itaquaquecetuba.<\/p>\n<p>Defesa Civil<br \/>\nO  secret\u00e1rio-chefe da Casa Militar e coordenador estadual da Defesa Civil, cel. PM  Admir Gerv\u00e1sio Moreira, determinou o envio imediato de equipes t\u00e9cnicas aos  munic\u00edpios paulistas atingidos pelas fortes chuvas dos \u00faltimos dias. A medida  tem como objetivo avaliar os danos humanos e materiais nas \u00e1reas afetadas e, a  partir dessa avalia\u00e7\u00e3o, mobilizar os recursos necess\u00e1rios para o  restabelecimento da normalidade nas \u00e1reas afetadas.<\/p>\n<p>As equipes s\u00e3o  formadas por oficiais da coordenadoria estadual de Defesa Civil e t\u00e9cnicos do  Instituto Geol\u00f3gico (IG), \u00f3rg\u00e3o vinculado \u00e0 Secretaria Estadual de Meio  Ambiente.<\/p>\n<p>Sistema de alerta contra Enchentes<br \/>\nAl\u00e9m do  sistema de alerta implantado no final de 2010, que prev\u00ea grandes volumes de  chuvas e possibilidade de inunda\u00e7\u00f5es com aproximadamente 2 horas de  anteced\u00eancia, um novo radar meteorol\u00f3gico dever\u00e1 ser adquirido. Embora o atual  esteja funcionando em condi\u00e7\u00f5es satisfat\u00f3rias, a substitui\u00e7\u00e3o por um mais  moderno \u00e9 necess\u00e1ria em fun\u00e7\u00e3o das atualiza\u00e7\u00f5es tecnol\u00f3gicas e fornecer\u00e1  melhores informa\u00e7\u00f5es e avalia\u00e7\u00e3o, em maior n\u00edvel de detalhe, das localiza\u00e7\u00f5es e  intensidades exatas de chuvas e enchentes. Os investimentos previstos s\u00e3o de R$  7 milh\u00f5es e a expectativa \u00e9 que o novo equipamento comece a operar em um  ano.<\/p>\n<p>Do Portal do Governo de S\u00e3o  Paulo<\/p>\n","protected":false},"excerpt":{"rendered":"<p>O governador Geraldo Alckmin anunciou na tarde desta ter\u00e7a-feira, 11, uma s\u00e9rie de medidas para a conten\u00e7\u00e3o das enchentes em todo o Estado. Participaram da reuni\u00e3o o prefeito de S\u00e3o Paulo, Gilberto Kassab, e a vice-prefeita, Alda Marco Ant\u00f4nio, al\u00e9m de secret\u00e1rios estaduais, municipais e dirigentes de \u00f3rg\u00e3os p\u00fablicos. Ao final da reuni\u00e3o, realizada na [&hellip;]<\/p>\n","protected":false},"author":3,"featured_media":0,"comment_status":"open","ping_status":"open","sticky":false,"template":"","format":"standard","meta":{"_genesis_hide_title":false,"_genesis_hide_breadcrumbs":false,"_genesis_hide_singular_image":false,"_genesis_hide_footer_widgets":false,"_genesis_custom_body_class":"","_genesis_custom_post_class":"","_genesis_layout":"","_jetpack_memberships_contains_paid_content":false,"footnotes":""},"categories":[22],"tags":[],"class_list":{"0":"post-33135","1":"post","2":"type-post","3":"status-publish","4":"format-standard","6":"category-brasil","7":"entry","8":"gs-1","9":"gs-odd","10":"gs-even","11":"gs-featured-content-entry"},"jetpack_featured_media_url":"","jetpack_sharing_enabled":true,"jetpack_likes_enabled":true,"_links":{"self":[{"href":"https:\/\/www.redenoticia.com.br\/noticia\/wp-json\/wp\/v2\/posts\/33135","targetHints":{"allow":["GET"]}}],"collection":[{"href":"https:\/\/www.redenoticia.com.br\/noticia\/wp-json\/wp\/v2\/posts"}],"about":[{"href":"https:\/\/www.redenoticia.com.br\/noticia\/wp-json\/wp\/v2\/types\/post"}],"author":[{"embeddable":true,"href":"https:\/\/www.redenoticia.com.br\/noticia\/wp-json\/wp\/v2\/users\/3"}],"replies":[{"embeddable":true,"href":"https:\/\/www.redenoticia.com.br\/noticia\/wp-json\/wp\/v2\/comments?post=33135"}],"version-history":[{"count":0,"href":"https:\/\/www.redenoticia.com.br\/noticia\/wp-json\/wp\/v2\/posts\/33135\/revisions"}],"wp:attachment":[{"href":"https:\/\/www.redenoticia.com.br\/noticia\/wp-json\/wp\/v2\/media?parent=33135"}],"wp:term":[{"taxonomy":"category","embeddable":true,"href":"https:\/\/www.redenoticia.com.br\/noticia\/wp-json\/wp\/v2\/categories?post=33135"},{"taxonomy":"post_tag","embeddable":true,"href":"https:\/\/www.redenoticia.com.br\/noticia\/wp-json\/wp\/v2\/tags?post=33135"}],"curies":[{"name":"wp","href":"https:\/\/api.w.org\/{rel}","templated":true}]}}