{"id":33125,"date":"2011-01-11T16:07:39","date_gmt":"2011-01-11T20:07:39","guid":{"rendered":"http:\/\/www.redenoticia.com.br\/noticia\/?p=33125"},"modified":"2011-01-11T16:07:39","modified_gmt":"2011-01-11T20:07:39","slug":"senai-e-correios-formarao-4-355-jovens","status":"publish","type":"post","link":"https:\/\/www.redenoticia.com.br\/noticia\/2011\/senai-e-correios-formarao-4-355-jovens\/33125","title":{"rendered":"SENAI e Correios formar\u00e3o 4.355 jovens"},"content":{"rendered":"<p>Preparar 4.355 jovens para o mercado de trabalho dentro do programa <strong><em>Jovem  Aprendiz<\/em><\/strong> \u00e9 o objetivo da parceria do Servi\u00e7o Nacional de Aprendizagem Industrial  (SENAI) com a Empresa Brasileira de Correios e Tel\u00e9grafos (ECT). O acordo foi  assinado nesta ter\u00e7a-feira, 11 de janeiro de 2011, no audit\u00f3rio da Universidade  dos Correios, pelo presidente da ECT, Wagner Pinheiro, e o diretor de Educa\u00e7\u00e3o e  Tecnologia do Sistema Ind\u00fastria, Rafael Lucchesi. Al\u00e9m do SENAI, o Sistema  Ind\u00fastria re\u00fane a Confedera\u00e7\u00e3o Nacional da Ind\u00fastria (CNI), o Servi\u00e7o Social da  Ind\u00fastria (SESI) e o Instituto Euvaldo Lodi (IEL).<\/p>\n<p>Os jovens, que t\u00eam entre 14 e 24 anos de idade, participar\u00e3o do curso de  assistente administrativo. Ao longo de dois anos, eles ter\u00e3o aulas de  comunica\u00e7\u00e3o e informa\u00e7\u00e3o, gest\u00e3o organizacional, matem\u00e1tica, organiza\u00e7\u00e3o de  documentos, arquivamento, entre outras disciplinas. A carga hor\u00e1ria \u00e9 de 20  horas semanais, sendo 8 horas de aulas no SENAI e 12 horas desempenhando a  atividade profissional nos Correios. Nas cinco primeiras semanas, os jovens  receber\u00e3o uma prepara\u00e7\u00e3o b\u00e1sica integral no SENAI, quando receber\u00e3o orienta\u00e7\u00f5es  sobre a vida profissional, \u00e9tica e cidadania.<\/p>\n<p>\u201cA educa\u00e7\u00e3o profissional envolve um sistema, que requer o ensino de  teorias aplicadas \u00e0 realidade do mundo do trabalho e o treinamento na empresa. O  SENAI se encarregar\u00e1 das aulas te\u00f3ricas e os Correios far\u00e3o o treinamento dos  aprendizes\u201d, explicou Lucchesi.<br \/>\nAo final dos dois anos, os jovens estar\u00e3o  preparados para atuar em empresas p\u00fablicas e privadas, com a execu\u00e7\u00e3o de rotinas  administrativas, organiza\u00e7\u00e3o de documentos e apoio log\u00edstico. \u201cCom essa  parceria, os Correios contribuir\u00e3o para a educa\u00e7\u00e3o e a prepara\u00e7\u00e3o dos jovens  brasileiros para o mercado de trabalho\u201d, ressaltou Pinheiro. \u201cOs jovens iniciam  uma atividade dentro de uma organiza\u00e7\u00e3o conceituada\u201d, acrescentou o diretor de  Gest\u00e3o de Pessoas da ECT, Larry Medeiros.<\/p>\n<p>Rafael Lucchesi lembra que a forma\u00e7\u00e3o de jovens para o mercado de  trabalho \u00e9 fundamental para o crescimento sustent\u00e1vel do Brasil. \u201cA economia  brasileira apresenta uma taxa de expans\u00e3o significativa e a educa\u00e7\u00e3o  profissional dos jovens \u00e9 fundamental. Ela \u00e9 a chave para o futuro do Brasil,  porque assegura ganho de competitividade \u00e0s empresas brasileiras e um futuro  melhor para os jovens e as fam\u00edlias\u201d, enfatizou Lucchesi.<\/p>\n<p>Os 4.355 jovens beneficiados com o acordo est\u00e3o distribu\u00eddos em 116  localidades do pa\u00eds. Eles foram aprovados em sele\u00e7\u00e3o p\u00fablica que ocorreu em  novembro de 2010. O programa Jovem Aprendiz faz parte da pol\u00edtica para a  juventude do governo federal e foi criado pela Lei 10.097\/2000.<\/p>\n","protected":false},"excerpt":{"rendered":"<p>Preparar 4.355 jovens para o mercado de trabalho dentro do programa Jovem Aprendiz \u00e9 o objetivo da parceria do Servi\u00e7o Nacional de Aprendizagem Industrial (SENAI) com a Empresa Brasileira de Correios e Tel\u00e9grafos (ECT). O acordo foi assinado nesta ter\u00e7a-feira, 11 de janeiro de 2011, no audit\u00f3rio da Universidade dos Correios, pelo presidente da ECT, [&hellip;]<\/p>\n","protected":false},"author":3,"featured_media":0,"comment_status":"open","ping_status":"open","sticky":false,"template":"","format":"standard","meta":{"_genesis_hide_title":false,"_genesis_hide_breadcrumbs":false,"_genesis_hide_singular_image":false,"_genesis_hide_footer_widgets":false,"_genesis_custom_body_class":"","_genesis_custom_post_class":"","_genesis_layout":"","_jetpack_memberships_contains_paid_content":false,"footnotes":""},"categories":[22],"tags":[],"class_list":{"0":"post-33125","1":"post","2":"type-post","3":"status-publish","4":"format-standard","6":"category-brasil","7":"entry","8":"gs-1","9":"gs-odd","10":"gs-even","11":"gs-featured-content-entry"},"jetpack_featured_media_url":"","jetpack_sharing_enabled":true,"jetpack_likes_enabled":true,"_links":{"self":[{"href":"https:\/\/www.redenoticia.com.br\/noticia\/wp-json\/wp\/v2\/posts\/33125","targetHints":{"allow":["GET"]}}],"collection":[{"href":"https:\/\/www.redenoticia.com.br\/noticia\/wp-json\/wp\/v2\/posts"}],"about":[{"href":"https:\/\/www.redenoticia.com.br\/noticia\/wp-json\/wp\/v2\/types\/post"}],"author":[{"embeddable":true,"href":"https:\/\/www.redenoticia.com.br\/noticia\/wp-json\/wp\/v2\/users\/3"}],"replies":[{"embeddable":true,"href":"https:\/\/www.redenoticia.com.br\/noticia\/wp-json\/wp\/v2\/comments?post=33125"}],"version-history":[{"count":0,"href":"https:\/\/www.redenoticia.com.br\/noticia\/wp-json\/wp\/v2\/posts\/33125\/revisions"}],"wp:attachment":[{"href":"https:\/\/www.redenoticia.com.br\/noticia\/wp-json\/wp\/v2\/media?parent=33125"}],"wp:term":[{"taxonomy":"category","embeddable":true,"href":"https:\/\/www.redenoticia.com.br\/noticia\/wp-json\/wp\/v2\/categories?post=33125"},{"taxonomy":"post_tag","embeddable":true,"href":"https:\/\/www.redenoticia.com.br\/noticia\/wp-json\/wp\/v2\/tags?post=33125"}],"curies":[{"name":"wp","href":"https:\/\/api.w.org\/{rel}","templated":true}]}}