{"id":33105,"date":"2011-01-10T12:57:26","date_gmt":"2011-01-10T16:57:26","guid":{"rendered":"http:\/\/www.redenoticia.com.br\/noticia\/?p=33105"},"modified":"2011-01-10T12:58:06","modified_gmt":"2011-01-10T16:58:06","slug":"33105","status":"publish","type":"post","link":"https:\/\/www.redenoticia.com.br\/noticia\/2011\/33105\/33105","title":{"rendered":"Eleitos o Rei Momo e a Rainha do Carnaval 2011 de S\u00e3o Paulo"},"content":{"rendered":"<p><img loading=\"lazy\" decoding=\"async\" class=\"alignleft size-full wp-image-33106\" title=\"rei momo\" src=\"https:\/\/www.redenoticia.com.br\/noticia\/imagens\/rei-momo.jpg\" alt=\"\" width=\"301\" height=\"194\" srcset=\"https:\/\/www.redenoticia.com.br\/noticia\/imagens\/rei-momo.jpg 301w, https:\/\/www.redenoticia.com.br\/noticia\/imagens\/rei-momo-250x161.jpg 250w, https:\/\/www.redenoticia.com.br\/noticia\/imagens\/rei-momo-150x96.jpg 150w\" sizes=\"auto, (max-width: 301px) 100vw, 301px\" \/>A Corte do <strong><em>Carnaval<\/em><\/strong> Paulistano 2011 foi eleita nesta sexta (7), durante evento gratuito no Pal\u00e1cio das Conven\u00e7\u00f5es  do Anhembi. O <strong><em>Rei Momo<\/em><\/strong> escolhido foi  Henrique de Moura J\u00fanior, conhecido como Tonelada, de 29 anos, da escola de  samba Rosas de Ouro. A candidata \u00e0 Rainha vencedora foi Luana Campos, de 24  anos, que representa a escola Arco-\u00cdris. A segunda e a terceira colocadas foram  eleitas como Primeira e Segunda Princesas. S\u00e3o elas Elaine de Abreu (32 anos, da  Rosas de Ouro) e Claudia Elaine Moraes (32 anos, da Mocidade  Alegre).<\/p>\n<p>Juntaram-se a Corte, ainda, o Cidad\u00e3o (Mestre Gabi, da Camisa  Verde e Branco) e a Cidad\u00e3-Samba (Malu, da Mocidade Alegre), eleitos no Dia  Nacional do Samba, 2 de dezembro, por meio dos Embaixadores do Samba da UESP  (Uni\u00e3o das Escolas de Samba Paulistanas).<\/p>\n<p>A Corte do Carnaval 2010 vai representar a folia da cidade de S\u00e3o Paulo  durante todo o ano. Al\u00e9m de abrir os desfiles oficiais no Samb\u00f3dromo, eles  tamb\u00e9m participam dos carnavais de bairro e v\u00e1rios outros eventos relacionados,  al\u00e9m de receberem a Chave da Cidade diretamente das m\u00e3os do Prefeito antes do  Carnaval.<\/p>\n<p>PREMIA\u00c7\u00c3O<br \/>\nRei Momo e Rainha: R$ 12 mil<br \/>\nPrimeira Princesa:  R$ 7 mil<br \/>\nSegunda Princesa: R$ 6 mil<br \/>\nCidad\u00e3o e Cidad\u00e3 do Samba: R$ 7  mil<\/p>\n<p>Disputa acirrada<\/p>\n<p>Ao todo foram 23 candidatos: 9 a Rei Momo e 14 a  Rainha. Com muito samba no p\u00e9 e a expectativa de suas comunidades na cabe\u00e7a, as  esculturais aspirantes a Rainha e os simp\u00e1ticos pretendentes a Rei Momo se  apresentaram ao p\u00fablico e aos jurados ao som da bateria da escola de samba Rosas  de Ouro, a grande vencedora do Carnaval de S\u00e3o Paulo em 2010.<\/p>\n<p>Os  concorrentes foram avaliados nos quesitos comunica\u00e7\u00e3o, eleg\u00e2ncia, simpatia e,  claro, muito samba no p\u00e9. No caso da Rainha e das Princesas, tamb\u00e9m \u00e9  considerada a est\u00e9tica corporal.<\/p>\n<p>O corpo de jurados foi cuidadosamente  escolhido para que esta elei\u00e7\u00e3o fosse o mais imparcial poss\u00edvel. Personalidades  ligadas direta ou indiretamente ao carnaval, nas \u00e1reas de imprensa, dan\u00e7a, moda  e turismo, entre outros segmentos, compuseram o j\u00fari.<br \/>\nCuriosidades<\/p>\n<p>O Rei Momo vencedor era o candidato mais pesado, com 171 kg. \u00c9 a quinta vez  que ele participa da elei\u00e7\u00e3o da Corte.<\/p>\n<p>A Rainha vencedora, Luana de Campos, e a Primeira Princesa, j\u00e1 foram eleitas  princesas, respectivamente, em 2008 e em 2009.<\/p>\n<p>A Segunda Princesa ganhadora, Claudia Elaine Moraes, era tamb\u00e9m a mais velha  entre as candidatas.<\/p>\n","protected":false},"excerpt":{"rendered":"<p>A Corte do Carnaval Paulistano 2011 foi eleita nesta sexta (7), durante evento gratuito no Pal\u00e1cio das Conven\u00e7\u00f5es do Anhembi. O Rei Momo escolhido foi Henrique de Moura J\u00fanior, conhecido como Tonelada, de 29 anos, da escola de samba Rosas de Ouro. A candidata \u00e0 Rainha vencedora foi Luana Campos, de 24 anos, que representa [&hellip;]<\/p>\n","protected":false},"author":3,"featured_media":33106,"comment_status":"open","ping_status":"open","sticky":false,"template":"","format":"standard","meta":{"_genesis_hide_title":false,"_genesis_hide_breadcrumbs":false,"_genesis_hide_singular_image":false,"_genesis_hide_footer_widgets":false,"_genesis_custom_body_class":"","_genesis_custom_post_class":"","_genesis_layout":"","_jetpack_memberships_contains_paid_content":false,"footnotes":""},"categories":[22],"tags":[],"class_list":{"0":"post-33105","1":"post","2":"type-post","3":"status-publish","4":"format-standard","5":"has-post-thumbnail","7":"category-brasil","8":"entry","9":"gs-1","10":"gs-odd","11":"gs-even","12":"gs-featured-content-entry"},"jetpack_featured_media_url":"https:\/\/www.redenoticia.com.br\/noticia\/imagens\/rei-momo.jpg","jetpack_sharing_enabled":true,"jetpack_likes_enabled":true,"_links":{"self":[{"href":"https:\/\/www.redenoticia.com.br\/noticia\/wp-json\/wp\/v2\/posts\/33105","targetHints":{"allow":["GET"]}}],"collection":[{"href":"https:\/\/www.redenoticia.com.br\/noticia\/wp-json\/wp\/v2\/posts"}],"about":[{"href":"https:\/\/www.redenoticia.com.br\/noticia\/wp-json\/wp\/v2\/types\/post"}],"author":[{"embeddable":true,"href":"https:\/\/www.redenoticia.com.br\/noticia\/wp-json\/wp\/v2\/users\/3"}],"replies":[{"embeddable":true,"href":"https:\/\/www.redenoticia.com.br\/noticia\/wp-json\/wp\/v2\/comments?post=33105"}],"version-history":[{"count":0,"href":"https:\/\/www.redenoticia.com.br\/noticia\/wp-json\/wp\/v2\/posts\/33105\/revisions"}],"wp:featuredmedia":[{"embeddable":true,"href":"https:\/\/www.redenoticia.com.br\/noticia\/wp-json\/wp\/v2\/media\/33106"}],"wp:attachment":[{"href":"https:\/\/www.redenoticia.com.br\/noticia\/wp-json\/wp\/v2\/media?parent=33105"}],"wp:term":[{"taxonomy":"category","embeddable":true,"href":"https:\/\/www.redenoticia.com.br\/noticia\/wp-json\/wp\/v2\/categories?post=33105"},{"taxonomy":"post_tag","embeddable":true,"href":"https:\/\/www.redenoticia.com.br\/noticia\/wp-json\/wp\/v2\/tags?post=33105"}],"curies":[{"name":"wp","href":"https:\/\/api.w.org\/{rel}","templated":true}]}}