{"id":33100,"date":"2011-01-10T16:37:32","date_gmt":"2011-01-10T20:37:32","guid":{"rendered":"http:\/\/www.redenoticia.com.br\/noticia\/?p=33100"},"modified":"2011-01-11T10:06:38","modified_gmt":"2011-01-11T14:06:38","slug":"meteorologia-%e2%80%93-previsao-do-tempo-para-esta-terca-feira-1101","status":"publish","type":"post","link":"https:\/\/www.redenoticia.com.br\/noticia\/2011\/meteorologia-%e2%80%93-previsao-do-tempo-para-esta-terca-feira-1101\/33100","title":{"rendered":"Meteorologia \u2013 previs\u00e3o do tempo para esta ter\u00e7a-feira 11\/01"},"content":{"rendered":"<p><img loading=\"lazy\" decoding=\"async\" class=\"alignleft size-full wp-image-28410\" title=\"previsao do tempo temperatura\" src=\"https:\/\/www.redenoticia.com.br\/noticia\/imagens\/previsao-do-tempo-temperatura.jpg\" alt=\"\" width=\"300\" height=\"193\" srcset=\"https:\/\/www.redenoticia.com.br\/noticia\/imagens\/previsao-do-tempo-temperatura.jpg 300w, https:\/\/www.redenoticia.com.br\/noticia\/imagens\/previsao-do-tempo-temperatura-250x160.jpg 250w, https:\/\/www.redenoticia.com.br\/noticia\/imagens\/previsao-do-tempo-temperatura-150x96.jpg 150w\" sizes=\"auto, (max-width: 300px) 100vw, 300px\" \/><\/p>\n<p>Previs\u00e3o do tempo\u00a0\u2013 a\u00a0<strong><em>meteorologia<\/em><\/strong> divulgou a <strong><em>previs\u00e3o do tempo<\/em><\/strong> e\u00a0<strong><em>temperatura<\/em><\/strong> para nesta ter\u00e7a-feira (11\/01) e informa que uma zona de converg\u00eancia de umidade alinhar\u00e1 uma faixa de nebulosidade sobre parte do Sudeste, Centro-Oeste e sul da regi\u00e3o Amaz\u00f4nica. Segundo a previs\u00e3o do tempo nessas \u00e1reas haver\u00e1 condi\u00e7\u00e3o para pancadas de chuva localmente forte em alguns per\u00edodos. No centro-norte do MA, do PI, do CE, no RN, na PB, no sul de MG, no RJ e em GO o c\u00e9u ficar\u00e1 nublado e haver\u00e1 pancadas de chuva que tamb\u00e9m poder\u00e1 ser forte. Dados da previs\u00e3o do tempo indicam que j\u00e1 no leste de SC o tempo ficar\u00e1 inst\u00e1vel com poucas aberturas de sol e chuva a qualquer momento. A previs\u00e3o do tempo destaca que o sol aparecer\u00e1 entre varia\u00e7\u00e3o de nuvens apenas no nordeste do RS, no sul de SC e leste de RR. As temperaturas m\u00e1ximas estar\u00e3o em decl\u00ednio em MG.<\/p>\n<p>Vale do Para\u00edba \u2013 previs\u00e3o do tempo em na ter\u00e7a-feira (11\/01), o dia ter\u00e1 c\u00e9u nublado, pequena aberturas de sol e pancadas de chuva em toda regi\u00e3o. A temperatura n\u00e3o ter\u00e1 mudan\u00e7as significativas.<\/p>\n<p>Regi\u00e3o Centro-Oeste \u2013 previs\u00e3o do tempo em\u00a011\/01\/2011:\u00a0No leste do MS, centro-leste e sul de GO e no DF: dia nublado com fortes pancadas de chuva. Nas demais \u00e1reas da Regi\u00e3o: sol com varia\u00e7\u00e3o de nuvens e fortes pancadas de chuva. Temperaturas est\u00e1veis.<\/p>\n<p>Regi\u00e3o Nordeste \u2013 previs\u00e3o do tempo em\u00a011\/01\/2011:\u00a0No Rec\u00f4ncavo Baiano e sul da BA: possibilidade de chuva. Na maior parte do MA, centro-norte do PI, no CE e RN, centro-oeste e nordeste da PB e noroeste de PE: nublado com pancadas de chuva. Nas demais \u00e1reas da Regi\u00e3o: sol entre nebulosidade vari\u00e1vel e pancadas de chuva isolada a qualquer momento. Temperaturas est\u00e1veis. Temperatura m\u00e1xima: 34C no norte do MA. Temperatura m\u00ednima: 17C no norte de MG.<\/p>\n<p>Regi\u00e3o Norte \u2013 previs\u00e3o do tempo em\u00a011\/01\/2011:\u00a0No extremo noroeste do PA: sol e varia\u00e7\u00e3o de nuvens. No noroeste do PA: sol com varia\u00e7\u00e3o de nuvens e pequena chance de pancadas de chuva. No nordeste e leste do PA: dia nublado com fortes pancadas de chuva. Nas demais \u00e1reas da Regi\u00e3o: sol com varia\u00e7\u00e3o de nuvens e fortes pancadas de chuva isolada a qualquer hora. Temperaturas est\u00e1veis. Temperatura m\u00e1xima: 34C no AC. Temperatura m\u00ednima: 18C no extremo leste do TO.<\/p>\n<p>Regi\u00e3o Sudeste \u2013 previs\u00e3o do tempo em\u00a011\/01\/2011:\u00a0No norte e centro-leste de MG, no ES e norte do RJ, centro-oeste e sul de SP: sol com varia\u00e7\u00e3o de nuvens e pancadas de chuva que podem ser localmente fortes. Nas demais \u00e1reas da Regi\u00e3o: dia nublado com pancadas de chuva que podem ser localmente fortes. Temperaturas est\u00e1veis. Temperatura m\u00e1xima: 33C no extremo sudoeste de SP. Temperatura m\u00ednima: 18C no sul de MG.<\/p>\n<p>Regi\u00e3o Sul \u2013 previs\u00e3o do tempo em\u00a011\/01\/2011:\u00a0No leste de SC e extremo nordeste do RS: poucas aberturas de sol e chuva. No extremo leste do RS: possibilidade de chuva. No nordeste e centro-leste do RS: sol e varia\u00e7\u00e3o de nuvens. Nas demais \u00e1reas da Regi\u00e3o: sol com varia\u00e7\u00e3o de nuvens e pancadas de chuva que podem ser localmente fortes. Temperaturas est\u00e1veis. Temperatura m\u00e1xima: 34C no noroeste do RS. Temperatura m\u00ednima: 12C nas \u00e1reas de Serra.<\/p>\n<p>Previs\u00e3o do tempo e temperatura CPTEC<\/p>\n","protected":false},"excerpt":{"rendered":"<p>Previs\u00e3o do tempo\u00a0\u2013 a\u00a0meteorologia divulgou a previs\u00e3o do tempo e\u00a0temperatura para nesta ter\u00e7a-feira (11\/01) e informa que uma zona de converg\u00eancia de umidade alinhar\u00e1 uma faixa de nebulosidade sobre parte do Sudeste, Centro-Oeste e sul da regi\u00e3o Amaz\u00f4nica. Segundo a previs\u00e3o do tempo nessas \u00e1reas haver\u00e1 condi\u00e7\u00e3o para pancadas de chuva localmente forte em alguns [&hellip;]<\/p>\n","protected":false},"author":3,"featured_media":28410,"comment_status":"open","ping_status":"open","sticky":false,"template":"","format":"standard","meta":{"_genesis_hide_title":false,"_genesis_hide_breadcrumbs":false,"_genesis_hide_singular_image":false,"_genesis_hide_footer_widgets":false,"_genesis_custom_body_class":"","_genesis_custom_post_class":"","_genesis_layout":"","_jetpack_memberships_contains_paid_content":false,"footnotes":""},"categories":[22],"tags":[],"class_list":{"0":"post-33100","1":"post","2":"type-post","3":"status-publish","4":"format-standard","5":"has-post-thumbnail","7":"category-brasil","8":"entry","9":"gs-1","10":"gs-odd","11":"gs-even","12":"gs-featured-content-entry"},"jetpack_featured_media_url":"https:\/\/www.redenoticia.com.br\/noticia\/imagens\/previsao-do-tempo-temperatura.jpg","jetpack_sharing_enabled":true,"jetpack_likes_enabled":true,"_links":{"self":[{"href":"https:\/\/www.redenoticia.com.br\/noticia\/wp-json\/wp\/v2\/posts\/33100","targetHints":{"allow":["GET"]}}],"collection":[{"href":"https:\/\/www.redenoticia.com.br\/noticia\/wp-json\/wp\/v2\/posts"}],"about":[{"href":"https:\/\/www.redenoticia.com.br\/noticia\/wp-json\/wp\/v2\/types\/post"}],"author":[{"embeddable":true,"href":"https:\/\/www.redenoticia.com.br\/noticia\/wp-json\/wp\/v2\/users\/3"}],"replies":[{"embeddable":true,"href":"https:\/\/www.redenoticia.com.br\/noticia\/wp-json\/wp\/v2\/comments?post=33100"}],"version-history":[{"count":0,"href":"https:\/\/www.redenoticia.com.br\/noticia\/wp-json\/wp\/v2\/posts\/33100\/revisions"}],"wp:featuredmedia":[{"embeddable":true,"href":"https:\/\/www.redenoticia.com.br\/noticia\/wp-json\/wp\/v2\/media\/28410"}],"wp:attachment":[{"href":"https:\/\/www.redenoticia.com.br\/noticia\/wp-json\/wp\/v2\/media?parent=33100"}],"wp:term":[{"taxonomy":"category","embeddable":true,"href":"https:\/\/www.redenoticia.com.br\/noticia\/wp-json\/wp\/v2\/categories?post=33100"},{"taxonomy":"post_tag","embeddable":true,"href":"https:\/\/www.redenoticia.com.br\/noticia\/wp-json\/wp\/v2\/tags?post=33100"}],"curies":[{"name":"wp","href":"https:\/\/api.w.org\/{rel}","templated":true}]}}