{"id":33087,"date":"2011-01-08T20:46:50","date_gmt":"2011-01-09T00:46:50","guid":{"rendered":"http:\/\/www.redenoticia.com.br\/noticia\/?p=33087"},"modified":"2011-01-09T11:27:08","modified_gmt":"2011-01-09T15:27:08","slug":"meteorologia-%e2%80%93-previsao-do-tempo-para-este-sabado-0901","status":"publish","type":"post","link":"https:\/\/www.redenoticia.com.br\/noticia\/2011\/meteorologia-%e2%80%93-previsao-do-tempo-para-este-sabado-0901\/33087","title":{"rendered":"Meteorologia \u2013 previs\u00e3o do tempo para este domingo 09\/01"},"content":{"rendered":"<p><img loading=\"lazy\" decoding=\"async\" class=\"alignleft size-full wp-image-28410\" title=\"previsao do tempo temperatura\" src=\"https:\/\/www.redenoticia.com.br\/noticia\/imagens\/previsao-do-tempo-temperatura.jpg\" alt=\"\" width=\"300\" height=\"193\" srcset=\"https:\/\/www.redenoticia.com.br\/noticia\/imagens\/previsao-do-tempo-temperatura.jpg 300w, https:\/\/www.redenoticia.com.br\/noticia\/imagens\/previsao-do-tempo-temperatura-250x160.jpg 250w, https:\/\/www.redenoticia.com.br\/noticia\/imagens\/previsao-do-tempo-temperatura-150x96.jpg 150w\" sizes=\"auto, (max-width: 300px) 100vw, 300px\" \/>Previs\u00e3o do tempo\u00a0\u2013 a\u00a0<strong><em>meteorologia<\/em><\/strong> divulgou a <strong><em>previs\u00e3o do tempo<\/em><\/strong> e\u00a0<strong><em>temperatura<\/em><\/strong> para domingo (09\/01\/2011), e informa que o calor e a alta umidade do ar provocar\u00e3o pancadas de chuva em grande parte do pa\u00eds. Segundo a previs\u00e3o do tempo em algumas localidades das Regi\u00f5es Norte e Centro-Oeste, em SP, sul de MG, Tri\u00e2ngulo Mineiro e do PR haver\u00e1 chance de chuva forte acompanhada de descargas el\u00e9tricas e rajadas de vento. No RS e em SC a chegada de um sistema frontal dever\u00e1 favorecer a ocorr\u00eancia de pancadas de chuva. No leste de SP e sul de MG haver\u00e1 varia\u00e7\u00e3o de nebulosidade e pancadas de chuva a partir da tarde. O dia ser\u00e1 sol e varia\u00e7\u00e3o de nuvens no RJ, ES e nordeste de MG. Dados da previs\u00e3o do tempo indicam que o dia ter\u00e1 varia\u00e7\u00e3o de nebulosidade e possibilidade de chuva no litoral da BA. Nas demais \u00e1reas do pa\u00eds haver\u00e1 sol, aumento de nuvens e pancadas de chuva localizadas. A previs\u00e3o do tempo destaca que as temperaturas estar\u00e3o est\u00e1veis.<\/p>\n<p>Vale do Para\u00edba \u2013 previs\u00e3o do tempo no domingo (09\/01) haver\u00e1 sol entre nuvens e pancadas de chuva que ocorrer\u00e3o, principalmente, a partir da tarde na regi\u00e3o. Localmente poder\u00e1 chover forte. As temperaturas estar\u00e3o est\u00e1veis.<\/p>\n<p>Regi\u00e3o Centro-Oeste \u2013 previs\u00e3o do tempo em\u00a009\/01\/2011:\u00a0Em todas as \u00e1reas da Regi\u00e3o: sol com varia\u00e7\u00e3o de nuvens e pancadas de chuva. Em alguns pontos poder\u00e1 chover forte. Temperaturas est\u00e1veis. Temperatura m\u00e1xima: 35C no norte de MS. Temperatura m\u00ednima: 18C no leste de MS.<\/p>\n<p>Regi\u00e3o Nordeste \u2013 previs\u00e3o do tempo em\u00a009\/01\/2011:\u00a0No centro-sudoeste da BA: sol com varia\u00e7\u00e3o de nuvens. No leste da BA e no Rec\u00f4ncavo Baiano: varia\u00e7\u00e3o de nuvens e nublado com possibilidade de chuva. Nas demais \u00e1reas da BA, no sudeste do PI, em PE, PB e em SE: sol entre nebulosidade vari\u00e1vel e pancadas de chuva \u00e0 tarde. Nas demais \u00e1reas da Regi\u00e3o: sol entre nebulosidade vari\u00e1vel e fortes pancadas de chuva isolada a qualquer momento. Temperaturas est\u00e1veis. Temperatura m\u00e1xima: 36C no norte do PI. Temperatura m\u00ednima: 18C no oeste da BA.<\/p>\n<p>Regi\u00e3o Norte \u2013 previs\u00e3o do tempo em\u00a009\/01\/2011:\u00a0Em todas as \u00e1reas da Regi\u00e3o: sol com varia\u00e7\u00e3o de nuvens e pancadas de chuva isolada e localmente forte. Temperaturas est\u00e1veis. Temperatura m\u00e1xima: 35C no nordeste do PA. Temperatura m\u00ednima: 18C no sudeste do TO.<\/p>\n<p>Regi\u00e3o Sudeste \u2013 previs\u00e3o do tempo em\u00a009\/01\/2011:\u00a0No nordeste de MG e na maior parte do RJ e do ES: sol entre varia\u00e7\u00e3o de nuvens. No extremo oeste do ES e do RJ e no centro-leste de MG: varia\u00e7\u00e3o de nuvens e pequena chance de pancadas de chuva \u00e0 tarde. No sul de MG, no Vale do Para\u00edba e faixa leste de SP: sol entre nebulosidade vari\u00e1vel com pancadas de chuva \u00e0 tarde. Nas demais \u00e1reas da Regi\u00e3o: sol entre nebulosidade vari\u00e1vel e fortes pancadas de chuva a qualquer momento. Temperaturas est\u00e1veis. Temperatura m\u00e1xima: 32C no oeste de SP. Temperatura m\u00ednima: 17C no sudeste de MG.<\/p>\n<p>Regi\u00e3o Sul \u2013 previs\u00e3o do tempo em\u00a009\/01\/2011:\u00a0Em todas as \u00e1reas da Regi\u00e3o: sol entre nebulosidade vari\u00e1vel e pancadas de chuva a qualquer hora. Poder\u00e1 chover forte em algumas localidades. Temperaturas elevadas. Temperatura m\u00e1xima: 38C no oeste do RS. Temperatura m\u00ednima: 17C no centro-leste do PR.<\/p>\n<p>Previs\u00e3o do tempo e temperatura CPTEC<\/p>\n","protected":false},"excerpt":{"rendered":"<p>Previs\u00e3o do tempo\u00a0\u2013 a\u00a0meteorologia divulgou a previs\u00e3o do tempo e\u00a0temperatura para domingo (09\/01\/2011), e informa que o calor e a alta umidade do ar provocar\u00e3o pancadas de chuva em grande parte do pa\u00eds. Segundo a previs\u00e3o do tempo em algumas localidades das Regi\u00f5es Norte e Centro-Oeste, em SP, sul de MG, Tri\u00e2ngulo Mineiro e do [&hellip;]<\/p>\n","protected":false},"author":3,"featured_media":28410,"comment_status":"open","ping_status":"open","sticky":false,"template":"","format":"standard","meta":{"_genesis_hide_title":false,"_genesis_hide_breadcrumbs":false,"_genesis_hide_singular_image":false,"_genesis_hide_footer_widgets":false,"_genesis_custom_body_class":"","_genesis_custom_post_class":"","_genesis_layout":"","_jetpack_memberships_contains_paid_content":false,"footnotes":""},"categories":[22],"tags":[],"class_list":{"0":"post-33087","1":"post","2":"type-post","3":"status-publish","4":"format-standard","5":"has-post-thumbnail","7":"category-brasil","8":"entry","9":"gs-1","10":"gs-odd","11":"gs-even","12":"gs-featured-content-entry"},"jetpack_featured_media_url":"https:\/\/www.redenoticia.com.br\/noticia\/imagens\/previsao-do-tempo-temperatura.jpg","jetpack_sharing_enabled":true,"jetpack_likes_enabled":true,"_links":{"self":[{"href":"https:\/\/www.redenoticia.com.br\/noticia\/wp-json\/wp\/v2\/posts\/33087","targetHints":{"allow":["GET"]}}],"collection":[{"href":"https:\/\/www.redenoticia.com.br\/noticia\/wp-json\/wp\/v2\/posts"}],"about":[{"href":"https:\/\/www.redenoticia.com.br\/noticia\/wp-json\/wp\/v2\/types\/post"}],"author":[{"embeddable":true,"href":"https:\/\/www.redenoticia.com.br\/noticia\/wp-json\/wp\/v2\/users\/3"}],"replies":[{"embeddable":true,"href":"https:\/\/www.redenoticia.com.br\/noticia\/wp-json\/wp\/v2\/comments?post=33087"}],"version-history":[{"count":0,"href":"https:\/\/www.redenoticia.com.br\/noticia\/wp-json\/wp\/v2\/posts\/33087\/revisions"}],"wp:featuredmedia":[{"embeddable":true,"href":"https:\/\/www.redenoticia.com.br\/noticia\/wp-json\/wp\/v2\/media\/28410"}],"wp:attachment":[{"href":"https:\/\/www.redenoticia.com.br\/noticia\/wp-json\/wp\/v2\/media?parent=33087"}],"wp:term":[{"taxonomy":"category","embeddable":true,"href":"https:\/\/www.redenoticia.com.br\/noticia\/wp-json\/wp\/v2\/categories?post=33087"},{"taxonomy":"post_tag","embeddable":true,"href":"https:\/\/www.redenoticia.com.br\/noticia\/wp-json\/wp\/v2\/tags?post=33087"}],"curies":[{"name":"wp","href":"https:\/\/api.w.org\/{rel}","templated":true}]}}