{"id":33081,"date":"2011-01-07T13:34:38","date_gmt":"2011-01-07T17:34:38","guid":{"rendered":"http:\/\/www.redenoticia.com.br\/noticia\/?p=33081"},"modified":"2011-01-07T13:34:38","modified_gmt":"2011-01-07T17:34:38","slug":"campanha-evita-consumo-de-5-bilhoes-de-sacolas-plasticas","status":"publish","type":"post","link":"https:\/\/www.redenoticia.com.br\/noticia\/2011\/campanha-evita-consumo-de-5-bilhoes-de-sacolas-plasticas\/33081","title":{"rendered":"Campanha evita consumo de 5 bilh\u00f5es de sacolas pl\u00e1sticas"},"content":{"rendered":"<p>A campanha \u201c<strong><em>Saco \u00e9 um Saco<\/em><\/strong>\u201d, do Minist\u00e9rio do Meio Ambiente, evitou o consumo  de cerca de cinco bilh\u00f5es de sacolas pl\u00e1sticas nos \u00faltimos 18 meses. A meta da  iniciativa era atingir 10% de redu\u00e7\u00e3o do consumo, tendo como base o ano de 2009,  quando foram produzidas 15 bilh\u00f5es de sacolas no Brasil. A meta foi  ultrapassada, chegando a 33% de redu\u00e7\u00e3o.<\/p>\n<p>O n\u00famero divulgado re\u00fane estimativas levantadas pelas tr\u00eas maiores redes de  supermercado no Pa\u00eds (Walmart, P\u00e3o de A\u00e7\u00facar e Carrefour), pelas cidades que  baniram as sacolas voluntariamente, como Xanxer\u00ea (SC) e Jundia\u00ed (SP) e pelo  Programa de Qualidade e Consumo Respons\u00e1vel de Sacolas Pl\u00e1sticas, da ind\u00fastria  do pl\u00e1stico.<\/p>\n<p>Durante a campanha, foram produzidos 19 spots de r\u00e1dio, tr\u00eas filmes para TV e  cinema &#8211; exibidos no canal Futura e nas salas de cinema da rede Rain -, e dois  concursos culturais. Al\u00e9m disso, o uso de ecobags foi estimulado por vendas e  distribui\u00e7\u00e3o gratuita. A rede P\u00e3o de A\u00e7\u00facar, por exemplo, vendeu 200 mil sacolas  retorn\u00e1veis em 2010. O Minist\u00e9rio do Meio Ambiente, por sua vez, distribuiu  outras 200 mil ecobags.<\/p>\n<p>Com o pontap\u00e9 inicial dado pela campanha, a Associa\u00e7\u00e3o Brasileira de  Supermercados (Abras) se animou e estipulou metas de redu\u00e7\u00e3o para o setor  varejista, atingindo aproximadamente 76 mil estabelecimentos espalhados por todo  Pa\u00eds. Trata-se de pacto setorial firmado com o MMA que prev\u00ea a redu\u00e7\u00e3o em 30%  das sacolas pl\u00e1sticas nas lojas de todo o Pa\u00eds at\u00e9 2013 e 40% at\u00e9 2014, tendo  como base os n\u00fameros de produ\u00e7\u00e3o de 2010, estimados em aproximadamente 14  bilh\u00f5es.<\/p>\n<p>Algumas redes de supermercados estabeleceram suas pr\u00f3prias metas, como o  Walmart que pretende reduzir em 50% at\u00e9 2013 e o Carrefour que deseja banir as  sacolas pl\u00e1sticas em suas lojas at\u00e9 2014.<\/p>\n","protected":false},"excerpt":{"rendered":"<p>A campanha \u201cSaco \u00e9 um Saco\u201d, do Minist\u00e9rio do Meio Ambiente, evitou o consumo de cerca de cinco bilh\u00f5es de sacolas pl\u00e1sticas nos \u00faltimos 18 meses. A meta da iniciativa era atingir 10% de redu\u00e7\u00e3o do consumo, tendo como base o ano de 2009, quando foram produzidas 15 bilh\u00f5es de sacolas no Brasil. A meta [&hellip;]<\/p>\n","protected":false},"author":3,"featured_media":0,"comment_status":"open","ping_status":"open","sticky":false,"template":"","format":"standard","meta":{"_genesis_hide_title":false,"_genesis_hide_breadcrumbs":false,"_genesis_hide_singular_image":false,"_genesis_hide_footer_widgets":false,"_genesis_custom_body_class":"","_genesis_custom_post_class":"","_genesis_layout":"","_jetpack_memberships_contains_paid_content":false,"footnotes":""},"categories":[22],"tags":[],"class_list":{"0":"post-33081","1":"post","2":"type-post","3":"status-publish","4":"format-standard","6":"category-brasil","7":"entry","8":"gs-1","9":"gs-odd","10":"gs-even","11":"gs-featured-content-entry"},"jetpack_featured_media_url":"","jetpack_sharing_enabled":true,"jetpack_likes_enabled":true,"_links":{"self":[{"href":"https:\/\/www.redenoticia.com.br\/noticia\/wp-json\/wp\/v2\/posts\/33081","targetHints":{"allow":["GET"]}}],"collection":[{"href":"https:\/\/www.redenoticia.com.br\/noticia\/wp-json\/wp\/v2\/posts"}],"about":[{"href":"https:\/\/www.redenoticia.com.br\/noticia\/wp-json\/wp\/v2\/types\/post"}],"author":[{"embeddable":true,"href":"https:\/\/www.redenoticia.com.br\/noticia\/wp-json\/wp\/v2\/users\/3"}],"replies":[{"embeddable":true,"href":"https:\/\/www.redenoticia.com.br\/noticia\/wp-json\/wp\/v2\/comments?post=33081"}],"version-history":[{"count":0,"href":"https:\/\/www.redenoticia.com.br\/noticia\/wp-json\/wp\/v2\/posts\/33081\/revisions"}],"wp:attachment":[{"href":"https:\/\/www.redenoticia.com.br\/noticia\/wp-json\/wp\/v2\/media?parent=33081"}],"wp:term":[{"taxonomy":"category","embeddable":true,"href":"https:\/\/www.redenoticia.com.br\/noticia\/wp-json\/wp\/v2\/categories?post=33081"},{"taxonomy":"post_tag","embeddable":true,"href":"https:\/\/www.redenoticia.com.br\/noticia\/wp-json\/wp\/v2\/tags?post=33081"}],"curies":[{"name":"wp","href":"https:\/\/api.w.org\/{rel}","templated":true}]}}